{"id":13832,"date":"2025-06-11T10:07:10","date_gmt":"2025-06-11T13:07:10","guid":{"rendered":"https:\/\/impactodenoticias.com.ar\/?p=13832"},"modified":"2025-06-11T10:07:11","modified_gmt":"2025-06-11T13:07:11","slug":"zona-de-caseros-un-camion-embistio-un-ternero-en-ruta-39","status":"publish","type":"post","link":"https:\/\/impactodenoticias.com.ar\/?p=13832","title":{"rendered":"Zona de Caseros: un cami\u00f3n embisti\u00f3 un ternero en Ruta 39"},"content":{"rendered":"\n<h2 class=\"wp-block-heading\">Un cami\u00f3n choc\u00f3 un vacuno en Ruta Provincial 39 en la zona de Caseros, Departamento Uruguay. El accidente vial se produjo en la madrugada de este mi\u00e9rcoles, a la altura del kil\u00f3metro 142.<\/h2>\n\n\n\n<p>El siniestro vial involucr\u00f3 a un cami\u00f3n que embisti\u00f3 un ternero, terminando con la vida del vacuno y sin personas lesionadas.<\/p>\n\n\n\n<p>Personal de la Comisar\u00eda Caseros se se hizo presente en el lugar luego de recibir un aviso del siniestro. En el lugar observaron que un cami\u00f3n Scania 410, con acoplado, conducido por un hombre de 45 a\u00f1os, domiciliado en Villa Elisa, hab\u00eda impactado contra un animal.<\/p>\n\n\n\n<p>El cami\u00f3n, que transportaba harina de soja desde San Lorenzo (Santa Fe) con destino a Col\u00f3n, circulaba por la Ruta 39. El conductor relat\u00f3 que, unos 300 metros despu\u00e9s del kil\u00f3metro 142, un ternero de pelaje Pampa negro se le atraves\u00f3 en el camino, imposibilitando evitar embestirlo.<\/p>\n\n\n\n<p>Debido al impacto, la parte frontal del cami\u00f3n sufri\u00f3 da\u00f1os. El animal, un ternero orejano sin marca, caravana ni se\u00f1al, murio en el lugar y qued\u00f3 sobre la banquina norte. Se inform\u00f3 que no se registraron personas lesionadas como consecuencia del accidente.<\/p>\n\n\n\n<p>La calzada no se vio obstaculizada. Se dio intervenci\u00f3n a la Brigada de Prevenci\u00f3n de Delitos Rurales para las actuaciones correspondientes.<\/p>\n","protected":false},"excerpt":{"rendered":"<p>Un cami&oacute;n choc&oacute; un vacuno en Ruta Provincial 39 en la zona de Caseros, Departamento Uruguay. El accidente vial se produjo en la madrugada de este mi&eacute;rcoles, a la altura del kil&oacute;metro 142. El siniestro vial involucr&oacute; a un cami&oacute;n que embisti&oacute; un ternero, terminando con la vida del vacuno y sin personas lesionadas. Personal [&hellip;]<\/p>\n","protected":false},"author":2,"featured_media":13833,"comment_status":"open","ping_status":"open","sticky":false,"template":"","format":"standard","meta":{"footnotes":""},"categories":[8,4],"tags":[120,545,2014,109,5358],"class_list":["post-13832","post","type-post","status-publish","format-standard","has-post-thumbnail","hentry","category-policiales","category-provinciales","tag-accidente","tag-camion","tag-caseros","tag-ruta-39","tag-ternero"],"_links":{"self":[{"href":"https:\/\/impactodenoticias.com.ar\/index.php?rest_route=\/wp\/v2\/posts\/13832","targetHints":{"allow":["GET"]}}],"collection":[{"href":"https:\/\/impactodenoticias.com.ar\/index.php?rest_route=\/wp\/v2\/posts"}],"about":[{"href":"https:\/\/impactodenoticias.com.ar\/index.php?rest_route=\/wp\/v2\/types\/post"}],"author":[{"embeddable":true,"href":"https:\/\/impactodenoticias.com.ar\/index.php?rest_route=\/wp\/v2\/users\/2"}],"replies":[{"embeddable":true,"href":"https:\/\/impactodenoticias.com.ar\/index.php?rest_route=%2Fwp%2Fv2%2Fcomments&post=13832"}],"version-history":[{"count":1,"href":"https:\/\/impactodenoticias.com.ar\/index.php?rest_route=\/wp\/v2\/posts\/13832\/revisions"}],"predecessor-version":[{"id":13834,"href":"https:\/\/impactodenoticias.com.ar\/index.php?rest_route=\/wp\/v2\/posts\/13832\/revisions\/13834"}],"wp:featuredmedia":[{"embeddable":true,"href":"https:\/\/impactodenoticias.com.ar\/index.php?rest_route=\/wp\/v2\/media\/13833"}],"wp:attachment":[{"href":"https:\/\/impactodenoticias.com.ar\/index.php?rest_route=%2Fwp%2Fv2%2Fmedia&parent=13832"}],"wp:term":[{"taxonomy":"category","embeddable":true,"href":"https:\/\/impactodenoticias.com.ar\/index.php?rest_route=%2Fwp%2Fv2%2Fcategories&post=13832"},{"taxonomy":"post_tag","embeddable":true,"href":"https:\/\/impactodenoticias.com.ar\/index.php?rest_route=%2Fwp%2Fv2%2Ftags&post=13832"}],"curies":[{"name":"wp","href":"https:\/\/api.w.org\/{rel}","templated":true}]}}