{"id":13844,"date":"2025-06-11T19:33:00","date_gmt":"2025-06-11T22:33:00","guid":{"rendered":"https:\/\/impactodenoticias.com.ar\/?p=13844"},"modified":"2025-06-13T10:50:45","modified_gmt":"2025-06-13T13:50:45","slug":"concordia-la-insensibilidad-de-azcue-es-alarmante-senalo-cedro","status":"publish","type":"post","link":"https:\/\/impactodenoticias.com.ar\/?p=13844","title":{"rendered":"Concordia: \u201cLa insensibilidad de Azcu\u00e9 es alarmante\u201d, se\u00f1al\u00f3 Cedro"},"content":{"rendered":"\n<h2 class=\"wp-block-heading\">El vicepresidente del Frente Entrerriano Federal, Daniel Cedro, cruz\u00f3 duramente al intendente de Concordia, Francisco Azcu\u00e9 por los despidos de trabajadores municipales, y lo acus\u00f3 de ser c\u00f3mplice del ajuste nacional que est\u00e1 destruyendo el tejido social de Concordia.<\/h2>\n\n\n\n<p>\u201cEl intendente Azcu\u00e9 ha decidido descargar el ajuste brutal sobre las espaldas de los trabajadores municipales, y lo hace con un nivel de insensibilidad que alarma. Decenas de personas, con nombre, rostro y familia, fueron echadas sin miramientos, bajo un discurso de \u2018eficiencia\u2019 que esconde una pol\u00edtica de descarte\u201d, se\u00f1al\u00f3 el Dr. Daniel Cedro.<\/p>\n\n\n\n<p>Y critic\u00f3 adem\u00e1s las recientes declaraciones del jefe comunal, quien tild\u00f3 de \u201cc\u00ednicos y perversos\u201d a quienes critican su gesti\u00f3n: \u00abNo hay cinismo en quienes denunciamos que se est\u00e1n dejando familias enteras en la calle. La perversi\u00f3n no est\u00e1 en los que alzan la voz, sino en quienes ajustan sin piedad, estigmatizan al que protesta y se niegan a ver el drama humano que sus decisiones provocan.\u00bb, agreg\u00f3.<\/p>\n\n\n\n<p>Y neg\u00f3 el argumento econ\u00f3mico manifestado por Azcu\u00e9: \u201cDice que tiene que echar empleados porque cay\u00f3 la recaudaci\u00f3n. Pero no dice por qu\u00e9 cay\u00f3. Cay\u00f3 porque el gobierno nacional de Javier Milei \u2014al que Azcu\u00e9 apoya fervientemente\u2014 est\u00e1 hambreando a la poblaci\u00f3n. Porque los sueldos no alcanzan, la actividad se desploma y la coparticipaci\u00f3n se derrumba\u201d, dispar\u00f3 Cedro.<\/p>\n\n\n\n<p>\u201cEl intendente es c\u00f3mplice local de un modelo nacional que est\u00e1 destruyendo el aparato productivo, devastando a las familias y reduciendo el rol del Estado al m\u00ednimo. Y lo hace desde una posici\u00f3n que incluso desconoce la historia del partido al que pertenece, que naci\u00f3 para defender a los sectores m\u00e1s vulnerables, no para aplaudir a quienes los empujan a la miseria\u201d, agreg\u00f3.<\/p>\n\n\n\n<p>Haciendo referencia a los dichos de Azcu\u00e9 sobre que \u201cparece que vivimos en distintas ciudades\u201d, Cedro fue categ\u00f3rico: \u201cConocemos Concordia porque la recorremos todos los d\u00edas, de punta a punta. Conocemos las esquinas donde el intendente retir\u00f3 los contenedores para ocultar que hay personas comiendo de la basura. Estamos al lado de los m\u00e1s vulnerables, de quienes sufren en silencio el ajuste y el abandono. No conocemos esta ciudad desde un despacho: la conocemos porque la habitamos, porque nacimos ac\u00e1 y vamos a morir ac\u00e1. No somos turistas pol\u00edticos como muchos de los representantes del gobierno provincial que Azcu\u00e9 adem\u00e1s defiende y que solo pisan la ciudad para sacarse una foto\u201d, apunt\u00f3.<\/p>\n\n\n\n<p>Cedro aprovech\u00f3 para expresar su solidaridad con los trabajadores cesanteados: \u201cMe solidarizo con cada uno de los trabajadores despedidos y con sus familias. Ellos no son un n\u00famero ni un gasto a recortar: son personas con derechos que est\u00e1n siendo vulnerados. Gobernar con sensibilidad es una obligaci\u00f3n, no una opci\u00f3n. Y hoy Concordia tiene un intendente que ha decidido mirar para otro lado,\u201d concluy\u00f3.<\/p>\n","protected":false},"excerpt":{"rendered":"<p>El vicepresidente del Frente Entrerriano Federal, Daniel Cedro, cruz&oacute; duramente al intendente de Concordia, Francisco Azcu&eacute; por los despidos de trabajadores municipales, y lo acus&oacute; de ser c&oacute;mplice del ajuste nacional que est&aacute; destruyendo el tejido social de Concordia. &ldquo;El intendente Azcu&eacute; ha decidido descargar el ajuste brutal sobre las espaldas de los trabajadores municipales, [&hellip;]<\/p>\n","protected":false},"author":2,"featured_media":13845,"comment_status":"open","ping_status":"open","sticky":false,"template":"","format":"standard","meta":{"footnotes":""},"categories":[11,4],"tags":[72,485,5364,40,102],"class_list":["post-13844","post","type-post","status-publish","format-standard","has-post-thumbnail","hentry","category-politica","category-provinciales","tag-concordia","tag-daniel-cedro","tag-despidos","tag-francisco-azcue","tag-municipalidad"],"_links":{"self":[{"href":"https:\/\/impactodenoticias.com.ar\/index.php?rest_route=\/wp\/v2\/posts\/13844","targetHints":{"allow":["GET"]}}],"collection":[{"href":"https:\/\/impactodenoticias.com.ar\/index.php?rest_route=\/wp\/v2\/posts"}],"about":[{"href":"https:\/\/impactodenoticias.com.ar\/index.php?rest_route=\/wp\/v2\/types\/post"}],"author":[{"embeddable":true,"href":"https:\/\/impactodenoticias.com.ar\/index.php?rest_route=\/wp\/v2\/users\/2"}],"replies":[{"embeddable":true,"href":"https:\/\/impactodenoticias.com.ar\/index.php?rest_route=%2Fwp%2Fv2%2Fcomments&post=13844"}],"version-history":[{"count":1,"href":"https:\/\/impactodenoticias.com.ar\/index.php?rest_route=\/wp\/v2\/posts\/13844\/revisions"}],"predecessor-version":[{"id":13846,"href":"https:\/\/impactodenoticias.com.ar\/index.php?rest_route=\/wp\/v2\/posts\/13844\/revisions\/13846"}],"wp:featuredmedia":[{"embeddable":true,"href":"https:\/\/impactodenoticias.com.ar\/index.php?rest_route=\/wp\/v2\/media\/13845"}],"wp:attachment":[{"href":"https:\/\/impactodenoticias.com.ar\/index.php?rest_route=%2Fwp%2Fv2%2Fmedia&parent=13844"}],"wp:term":[{"taxonomy":"category","embeddable":true,"href":"https:\/\/impactodenoticias.com.ar\/index.php?rest_route=%2Fwp%2Fv2%2Fcategories&post=13844"},{"taxonomy":"post_tag","embeddable":true,"href":"https:\/\/impactodenoticias.com.ar\/index.php?rest_route=%2Fwp%2Fv2%2Ftags&post=13844"}],"curies":[{"name":"wp","href":"https:\/\/api.w.org\/{rel}","templated":true}]}}