{"id":1385,"date":"2024-07-22T10:50:59","date_gmt":"2024-07-22T13:50:59","guid":{"rendered":"https:\/\/impactodenoticias.com.ar\/?p=1385"},"modified":"2024-07-22T10:51:00","modified_gmt":"2024-07-22T13:51:00","slug":"investigan-la-muerte-de-un-joven-de-la-paz-en-un-hotel-de-santa-elena","status":"publish","type":"post","link":"https:\/\/impactodenoticias.com.ar\/?p=1385","title":{"rendered":"Investigan la muerte de un joven de La Paz en un hotel de Santa Elena"},"content":{"rendered":"\n<p><strong>Un joven de 19 a\u00f1os oriundo de La Paz falleci\u00f3 en un hotel de Santa Elena. Ocurri\u00f3 en la noche de este domingo. Fue identificado como Dylan Daian Ieno, domiciliado en barrio La Milagrosa Norte.<\/strong><\/p>\n\n\n\n<p>El hecho sucedi\u00f3 en el hotel El Sol, ubicado en Presidente Per\u00f3n y Cepeda de Santa Elena, cerca de las 21:30.<\/p>\n\n\n\n<p>Hasta ese lugar hab\u00edan llegado el pace\u00f1o y una joven santaelenense, tambi\u00e9n de 19 a\u00f1os. \u201cLos j\u00f3venes hab\u00edan mantenido relaciones sexuales. \u00c9l fue a ba\u00f1arse y cuando volvi\u00f3 a acostarse, dijo que estaba descompuesto. La joven pens\u00f3 que se trataba de una broma pero cuando comprendi\u00f3 que de verdad estaba descompensado, como sufriendo un ataque, fue a avisarle al due\u00f1o del hotel\u201d. El hombre dio aviso a las autoridades y lo trasladaron al Hospital Santa Elena, pero \u201cnada pudo hacerse y el joven falleci\u00f3\u201d, se\u00f1al\u00f3 el subjefe de la Departamental, Cristian Allegrini.<\/p>\n\n\n\n<p>Las fuentes policiales comunicaron que entre las pertenencias del joven no se encontraron restos de sustancias que pudiera haber consumido antes del suceso, y que la joven no puede dar informaci\u00f3n al respecto. \u201cDijo que s\u00f3lo hab\u00edan tomado un caf\u00e9\u201d, a\u00f1adi\u00f3 Allegrini.<\/p>\n\n\n\n<p>El fiscal de La Paz en turno, Facundo Barbosa, confirm\u00f3 que al cuerpo del fallecido, que ya fue entregado a su familia, no se le le realizar\u00e1 autopsia. \u201cNo hay indicios de violencia ni sospecha de criminalidad, que son los casos que el C\u00f3digo dispone para la realizaci\u00f3n de autopsia\u201d, detall\u00f3 el funcionario judicial.<\/p>\n","protected":false},"excerpt":{"rendered":"<p>Un joven de 19 a&ntilde;os oriundo de La Paz falleci&oacute; en un hotel de Santa Elena. Ocurri&oacute; en la noche de este domingo. Fue identificado como Dylan Daian Ieno, domiciliado en barrio La Milagrosa Norte. El hecho sucedi&oacute; en el hotel El Sol, ubicado en Presidente Per&oacute;n y Cepeda de Santa Elena, cerca de las [&hellip;]<\/p>\n","protected":false},"author":2,"featured_media":1386,"comment_status":"open","ping_status":"open","sticky":false,"template":"","format":"standard","meta":{"footnotes":""},"categories":[8,4],"tags":[696,137,695,118,439],"class_list":["post-1385","post","type-post","status-publish","format-standard","has-post-thumbnail","hentry","category-policiales","category-provinciales","tag-hotel","tag-joven","tag-la-paz","tag-policiales","tag-santa-elena"],"_links":{"self":[{"href":"https:\/\/impactodenoticias.com.ar\/index.php?rest_route=\/wp\/v2\/posts\/1385","targetHints":{"allow":["GET"]}}],"collection":[{"href":"https:\/\/impactodenoticias.com.ar\/index.php?rest_route=\/wp\/v2\/posts"}],"about":[{"href":"https:\/\/impactodenoticias.com.ar\/index.php?rest_route=\/wp\/v2\/types\/post"}],"author":[{"embeddable":true,"href":"https:\/\/impactodenoticias.com.ar\/index.php?rest_route=\/wp\/v2\/users\/2"}],"replies":[{"embeddable":true,"href":"https:\/\/impactodenoticias.com.ar\/index.php?rest_route=%2Fwp%2Fv2%2Fcomments&post=1385"}],"version-history":[{"count":1,"href":"https:\/\/impactodenoticias.com.ar\/index.php?rest_route=\/wp\/v2\/posts\/1385\/revisions"}],"predecessor-version":[{"id":1387,"href":"https:\/\/impactodenoticias.com.ar\/index.php?rest_route=\/wp\/v2\/posts\/1385\/revisions\/1387"}],"wp:featuredmedia":[{"embeddable":true,"href":"https:\/\/impactodenoticias.com.ar\/index.php?rest_route=\/wp\/v2\/media\/1386"}],"wp:attachment":[{"href":"https:\/\/impactodenoticias.com.ar\/index.php?rest_route=%2Fwp%2Fv2%2Fmedia&parent=1385"}],"wp:term":[{"taxonomy":"category","embeddable":true,"href":"https:\/\/impactodenoticias.com.ar\/index.php?rest_route=%2Fwp%2Fv2%2Fcategories&post=1385"},{"taxonomy":"post_tag","embeddable":true,"href":"https:\/\/impactodenoticias.com.ar\/index.php?rest_route=%2Fwp%2Fv2%2Ftags&post=1385"}],"curies":[{"name":"wp","href":"https:\/\/api.w.org\/{rel}","templated":true}]}}