{"id":13853,"date":"2025-06-12T10:40:56","date_gmt":"2025-06-12T13:40:56","guid":{"rendered":"https:\/\/impactodenoticias.com.ar\/?p=13853"},"modified":"2025-06-13T10:50:41","modified_gmt":"2025-06-13T13:50:41","slug":"parana-buscan-intensamente-a-una-joven-embarazada-en-parana","status":"publish","type":"post","link":"https:\/\/impactodenoticias.com.ar\/?p=13853","title":{"rendered":"Parana: buscan intensamente a una joven embarazada en Paran\u00e1"},"content":{"rendered":"\n<h2 class=\"wp-block-heading\">Las autoridades solicitan ayuda urgente de la ciudadan\u00eda para encontrar a una joven paranaense que se encuentra embarazada, no se sabe nada de ella desde hace varias horas.<\/h2>\n\n\n\n<p><\/p>\n\n\n\n<figure class=\"wp-block-image size-full\"><img loading=\"lazy\" decoding=\"async\" width=\"370\" height=\"412\" src=\"https:\/\/impactodenoticias.com.ar\/wp-content\/uploads\/2025\/06\/506108815_1137252888417778_5455235167344615224_n.jpg\" alt=\"\" class=\"wp-image-13855\" srcset=\"https:\/\/impactodenoticias.com.ar\/wp-content\/uploads\/2025\/06\/506108815_1137252888417778_5455235167344615224_n.jpg 370w, https:\/\/impactodenoticias.com.ar\/wp-content\/uploads\/2025\/06\/506108815_1137252888417778_5455235167344615224_n-269x300.jpg 269w\" sizes=\"auto, (max-width: 370px) 100vw, 370px\" \/><\/figure>\n\n\n\n<p><\/p>\n\n\n\n<p>La Unidad Fiscal de Ni\u00f1os, Ni\u00f1as y Adolescentes de Paran\u00e1 pide la colaboraci\u00f3n de la poblaci\u00f3n para localizar a Estefan\u00eda Andrea Soledad Clari, quien ayer fue vista por \u00faltima vez en Paran\u00e1.<\/p>\n\n\n\n<p>Al momento de ausentarse Clari vest\u00eda pantal\u00f3n de jean negro, campera de lana de varios colores, otra campera m\u00e1s grande de lana color negra con detalles en color gris y zapatillas negras.<\/p>\n\n\n\n<p>Es robusta, de tez trigue\u00f1a, ojos marrones y cabello de color casta\u00f1os. Mide 1,77 metros y est\u00e1 embarazada de cuatro meses.<\/p>\n\n\n\n<p>Cualquier informaci\u00f3n sobre el paradero puede suministrarse al 911 o llamando a la Comisar\u00eda Segunda (0343) 4206212.<\/p>\n","protected":false},"excerpt":{"rendered":"<p>Las autoridades solicitan ayuda urgente de la ciudadan&iacute;a para encontrar a una joven paranaense que se encuentra embarazada, no se sabe nada de ella desde hace varias horas. La Unidad Fiscal de Ni&ntilde;os, Ni&ntilde;as y Adolescentes de Paran&aacute; pide la colaboraci&oacute;n de la poblaci&oacute;n para localizar a Estefan&iacute;a Andrea Soledad Clari, quien ayer fue vista [&hellip;]<\/p>\n","protected":false},"author":2,"featured_media":13854,"comment_status":"open","ping_status":"open","sticky":false,"template":"","format":"standard","meta":{"footnotes":""},"categories":[3,8],"tags":[251,5366,95],"class_list":["post-13853","post","type-post","status-publish","format-standard","has-post-thumbnail","hentry","category-locales","category-policiales","tag-busqueda","tag-estefania-andrea-soledad-clari","tag-parana"],"_links":{"self":[{"href":"https:\/\/impactodenoticias.com.ar\/index.php?rest_route=\/wp\/v2\/posts\/13853","targetHints":{"allow":["GET"]}}],"collection":[{"href":"https:\/\/impactodenoticias.com.ar\/index.php?rest_route=\/wp\/v2\/posts"}],"about":[{"href":"https:\/\/impactodenoticias.com.ar\/index.php?rest_route=\/wp\/v2\/types\/post"}],"author":[{"embeddable":true,"href":"https:\/\/impactodenoticias.com.ar\/index.php?rest_route=\/wp\/v2\/users\/2"}],"replies":[{"embeddable":true,"href":"https:\/\/impactodenoticias.com.ar\/index.php?rest_route=%2Fwp%2Fv2%2Fcomments&post=13853"}],"version-history":[{"count":1,"href":"https:\/\/impactodenoticias.com.ar\/index.php?rest_route=\/wp\/v2\/posts\/13853\/revisions"}],"predecessor-version":[{"id":13856,"href":"https:\/\/impactodenoticias.com.ar\/index.php?rest_route=\/wp\/v2\/posts\/13853\/revisions\/13856"}],"wp:featuredmedia":[{"embeddable":true,"href":"https:\/\/impactodenoticias.com.ar\/index.php?rest_route=\/wp\/v2\/media\/13854"}],"wp:attachment":[{"href":"https:\/\/impactodenoticias.com.ar\/index.php?rest_route=%2Fwp%2Fv2%2Fmedia&parent=13853"}],"wp:term":[{"taxonomy":"category","embeddable":true,"href":"https:\/\/impactodenoticias.com.ar\/index.php?rest_route=%2Fwp%2Fv2%2Fcategories&post=13853"},{"taxonomy":"post_tag","embeddable":true,"href":"https:\/\/impactodenoticias.com.ar\/index.php?rest_route=%2Fwp%2Fv2%2Ftags&post=13853"}],"curies":[{"name":"wp","href":"https:\/\/api.w.org\/{rel}","templated":true}]}}