{"id":13875,"date":"2025-06-12T18:13:49","date_gmt":"2025-06-12T21:13:49","guid":{"rendered":"https:\/\/impactodenoticias.com.ar\/?p=13875"},"modified":"2025-06-14T10:34:54","modified_gmt":"2025-06-14T13:34:54","slug":"repudio-tras-declaraciones-de-roncaglia-que-acuso-a-abogados-de-ingresar-celulares-a-las-carceles","status":"publish","type":"post","link":"https:\/\/impactodenoticias.com.ar\/?p=13875","title":{"rendered":"Repudio tras declaraciones de Roncaglia que acus\u00f3 a abogados de ingresar celulares a las c\u00e1rceles"},"content":{"rendered":"\n<h2 class=\"wp-block-heading\">El Colegio de la Abogac\u00eda de Entre R\u00edos (CAER), repudi\u00f3 duramente las declaraciones del ministro de Seguridad de Entre R\u00edos, N\u00e9stor Roncaglia, al se\u00f1alar que \u00abprofesionales del derecho, (en el marco de visitas a establecimientos penitenciarios) estar\u00edan involucrados en el ingreso il\u00edcito de tel\u00e9fonos celulares a personas privadas de libertad\u201d.<\/h2>\n\n\n\n<p>El Instituto de Derecho Penal, Procesal Penal y Criminolog\u00eda del Colegio de la Abogac\u00eda de Entre R\u00edos (CAER), manifest\u00f3 publicamente su en\u00e9rgico rechazo a las recientes declaraciones del Ministro de Seguridad y Justicia de la provincia, N\u00e9stor Roncaglia. De acuerdo a los dichos dell funcionario provincial, abogados que visitan establecimientos penitenciarios estar\u00edan involucrados en el ingreso il\u00edcito de tel\u00e9fonos celulares a personas privadas de libertad.<\/p>\n\n\n\n<p>Para el CAER, estas afirmaciones carecen de sustento f\u00e1ctico y pruebas concretas, por lo que las consideran \u201cinfundadas y temerarias\u201d, adem\u00e1s de afectar la imagen de la profesi\u00f3n y sembrar sospechas injustificadas sobre quienes cumplen un rol fundamental en el sistema judicial.<\/p>\n\n\n\n<p>El Instituto record\u00f3 adem\u00e1s que el Ministro, como funcionario p\u00fablico, tiene la obligaci\u00f3n legal de realizar las denuncias pertinentes cuando detecta posibles delitos, en lugar de emitir declaraciones generalizadas en medios de comunicaci\u00f3n o redes sociales que comprometan los principios b\u00e1sicos del Estado de Derecho.<\/p>\n\n\n\n<p>Adem\u00e1s se\u00f1alaron que el acceso de los abogados a sus defendidos es una garant\u00eda constitucional que no puede ser vulnerada ni puesta en duda sin pruebas. Desde el CAER instaron a Roncaglia a reflexionar sobre sus afirmaciones y, con el mismo nivel de difusi\u00f3n, reafirmar el respeto hacia el trabajo de los profesionales del derecho, cuya funci\u00f3n es clave para garantizar procesos penales justos y conforme a la Constituci\u00f3n.<\/p>\n","protected":false},"excerpt":{"rendered":"<p>El Colegio de la Abogac&iacute;a de Entre R&iacute;os (CAER), repudi&oacute; duramente las declaraciones del ministro de Seguridad de Entre R&iacute;os, N&eacute;stor Roncaglia, al se&ntilde;alar que &laquo;profesionales del derecho, (en el marco de visitas a establecimientos penitenciarios) estar&iacute;an involucrados en el ingreso il&iacute;cito de tel&eacute;fonos celulares a personas privadas de libertad&rdquo;. El Instituto de Derecho Penal, [&hellip;]<\/p>\n","protected":false},"author":2,"featured_media":13876,"comment_status":"open","ping_status":"open","sticky":false,"template":"","format":"standard","meta":{"footnotes":""},"categories":[90,11,4],"tags":[2359,1665,5371,489,4543,451],"class_list":["post-13875","post","type-post","status-publish","format-standard","has-post-thumbnail","hentry","category-judicial","category-politica","category-provinciales","tag-caer","tag-celulares","tag-declaraciones","tag-nestor-roncaglia","tag-penales","tag-repudio"],"_links":{"self":[{"href":"https:\/\/impactodenoticias.com.ar\/index.php?rest_route=\/wp\/v2\/posts\/13875","targetHints":{"allow":["GET"]}}],"collection":[{"href":"https:\/\/impactodenoticias.com.ar\/index.php?rest_route=\/wp\/v2\/posts"}],"about":[{"href":"https:\/\/impactodenoticias.com.ar\/index.php?rest_route=\/wp\/v2\/types\/post"}],"author":[{"embeddable":true,"href":"https:\/\/impactodenoticias.com.ar\/index.php?rest_route=\/wp\/v2\/users\/2"}],"replies":[{"embeddable":true,"href":"https:\/\/impactodenoticias.com.ar\/index.php?rest_route=%2Fwp%2Fv2%2Fcomments&post=13875"}],"version-history":[{"count":1,"href":"https:\/\/impactodenoticias.com.ar\/index.php?rest_route=\/wp\/v2\/posts\/13875\/revisions"}],"predecessor-version":[{"id":13877,"href":"https:\/\/impactodenoticias.com.ar\/index.php?rest_route=\/wp\/v2\/posts\/13875\/revisions\/13877"}],"wp:featuredmedia":[{"embeddable":true,"href":"https:\/\/impactodenoticias.com.ar\/index.php?rest_route=\/wp\/v2\/media\/13876"}],"wp:attachment":[{"href":"https:\/\/impactodenoticias.com.ar\/index.php?rest_route=%2Fwp%2Fv2%2Fmedia&parent=13875"}],"wp:term":[{"taxonomy":"category","embeddable":true,"href":"https:\/\/impactodenoticias.com.ar\/index.php?rest_route=%2Fwp%2Fv2%2Fcategories&post=13875"},{"taxonomy":"post_tag","embeddable":true,"href":"https:\/\/impactodenoticias.com.ar\/index.php?rest_route=%2Fwp%2Fv2%2Ftags&post=13875"}],"curies":[{"name":"wp","href":"https:\/\/api.w.org\/{rel}","templated":true}]}}