{"id":1388,"date":"2024-07-22T11:12:59","date_gmt":"2024-07-22T14:12:59","guid":{"rendered":"https:\/\/impactodenoticias.com.ar\/?p=1388"},"modified":"2024-07-22T11:13:00","modified_gmt":"2024-07-22T14:13:00","slug":"roncaglia-pidio-disculpas-por-los-dos-policias-arrestados-en-gualeguay","status":"publish","type":"post","link":"https:\/\/impactodenoticias.com.ar\/?p=1388","title":{"rendered":"Roncaglia pidi\u00f3 disculpas por los dos polic\u00edas arrestados en Gualeguay"},"content":{"rendered":"\n<p><strong>El Ministro de Seguridad y Justicia, N\u00e9stor Roncaglia, a trav\u00e9s de sus redes sociales pidi\u00f3 disculpas a la comunidad de Gualeguay por el \u201caccionar nefasto\u201d de el cabo Marcelo Meoniz y el sargento primero Leonardo Colazo, imputados por el delito de robos.<\/strong><\/p>\n\n\n\n<p>Roncaglia poste\u00f3 en su cuenta de Instagram un escrito en el que, en primer lugar, pide \u201cdisculpas a la comunidad de Gualeguay, en nombre propio y de toda la Polic\u00eda de Entre R\u00edos, por el accionar nefasto de estos dos funcionarios\u201d, que se encuentran detenidos.<\/p>\n\n\n\n<p>\u201cCon la conducci\u00f3n de la Polic\u00eda estamos poniendo lo mejor para servir a nuestra sociedad entrerriana\u201d, a\u00f1adi\u00f3. Y sigui\u00f3: \u201cHechos como \u00e9stos nos entristecen y obviamente y nos exigen que se agudicen los controles, sobre todo, por parte de la conducci\u00f3n institucional\u201d.<\/p>\n\n\n\n<p>\u201cA los efectos de los controles, el 15 de enero de este a\u00f1o he presentado un proyecto para modernizar a la Polic\u00eda y hacerla m\u00e1s din\u00e1mica y con esquemas de controles, atendiendo a la dimensi\u00f3n geogr\u00e1fica de nuestra provincia, como por ejemplo, dos nuevas Direcciones Generales, una del Uruguay y otra del Paran\u00e1, conducidas por Comisarios Generales, entre otras modificaciones, cuesti\u00f3n que si bien fue tratada por nuestros legisladores, hasta el d\u00eda de la fecha no se ha producido la mentada modificaci\u00f3n funcional de la Polic\u00eda de Entre R\u00edos. Estamos a la espera de ello\u201d, destac\u00f3.<\/p>\n\n\n\n<p>Y precis\u00f3: \u201cObviamente, este proyecto no nos exime de nuestras responsabilidades actuales en el control de gesti\u00f3n. Por lo tanto, los funcionarios que decidieron delinquir -una acci\u00f3n completamente alejada de la formaci\u00f3n otorgada y re\u00f1ida con la integridad profesional que todo polic\u00eda debe evidenciar- deber\u00e1n atenerse a las consecuencias, tal como est\u00e1 ocurriendo\u201d.<\/p>\n\n\n\n<p>\u201cLa invitaci\u00f3n a los integrantes de la Instituci\u00f3n es que sigan trabajando con profesionalismo, \u00e9tica y siempre del lado de nuestros ciudadanos, y que estos hechos individuales de dos funcionarios no manchen el prestigio institucional y sirvan para tomar conciencia del da\u00f1o que producen\u201d, finaliz\u00f3.<\/p>\n","protected":false},"excerpt":{"rendered":"<p>El Ministro de Seguridad y Justicia, N&eacute;stor Roncaglia, a trav&eacute;s de sus redes sociales pidi&oacute; disculpas a la comunidad de Gualeguay por el &ldquo;accionar nefasto&rdquo; de el cabo Marcelo Meoniz y el sargento primero Leonardo Colazo, imputados por el delito de robos. Roncaglia poste&oacute; en su cuenta de Instagram un escrito en el que, en [&hellip;]<\/p>\n","protected":false},"author":2,"featured_media":1389,"comment_status":"open","ping_status":"open","sticky":false,"template":"","format":"standard","meta":{"footnotes":""},"categories":[90,8,4],"tags":[138,698,33,96,489,263,326],"class_list":["post-1388","post","type-post","status-publish","format-standard","has-post-thumbnail","hentry","category-judicial","category-policiales","category-provinciales","tag-detenidos","tag-disculpas","tag-entre-rios","tag-gualeguay","tag-nestor-roncaglia","tag-policias-3","tag-robos"],"_links":{"self":[{"href":"https:\/\/impactodenoticias.com.ar\/index.php?rest_route=\/wp\/v2\/posts\/1388","targetHints":{"allow":["GET"]}}],"collection":[{"href":"https:\/\/impactodenoticias.com.ar\/index.php?rest_route=\/wp\/v2\/posts"}],"about":[{"href":"https:\/\/impactodenoticias.com.ar\/index.php?rest_route=\/wp\/v2\/types\/post"}],"author":[{"embeddable":true,"href":"https:\/\/impactodenoticias.com.ar\/index.php?rest_route=\/wp\/v2\/users\/2"}],"replies":[{"embeddable":true,"href":"https:\/\/impactodenoticias.com.ar\/index.php?rest_route=%2Fwp%2Fv2%2Fcomments&post=1388"}],"version-history":[{"count":1,"href":"https:\/\/impactodenoticias.com.ar\/index.php?rest_route=\/wp\/v2\/posts\/1388\/revisions"}],"predecessor-version":[{"id":1390,"href":"https:\/\/impactodenoticias.com.ar\/index.php?rest_route=\/wp\/v2\/posts\/1388\/revisions\/1390"}],"wp:featuredmedia":[{"embeddable":true,"href":"https:\/\/impactodenoticias.com.ar\/index.php?rest_route=\/wp\/v2\/media\/1389"}],"wp:attachment":[{"href":"https:\/\/impactodenoticias.com.ar\/index.php?rest_route=%2Fwp%2Fv2%2Fmedia&parent=1388"}],"wp:term":[{"taxonomy":"category","embeddable":true,"href":"https:\/\/impactodenoticias.com.ar\/index.php?rest_route=%2Fwp%2Fv2%2Fcategories&post=1388"},{"taxonomy":"post_tag","embeddable":true,"href":"https:\/\/impactodenoticias.com.ar\/index.php?rest_route=%2Fwp%2Fv2%2Ftags&post=1388"}],"curies":[{"name":"wp","href":"https:\/\/api.w.org\/{rel}","templated":true}]}}