{"id":13892,"date":"2025-06-13T10:59:13","date_gmt":"2025-06-13T13:59:13","guid":{"rendered":"https:\/\/impactodenoticias.com.ar\/?p=13892"},"modified":"2025-06-14T10:34:37","modified_gmt":"2025-06-14T13:34:37","slug":"las-personas-detenidas-por-realizar-pintadas-a-favor-de-cfk-en-parana-recuperaron-la-libertad-hay-un-gremio-involucrado","status":"publish","type":"post","link":"https:\/\/impactodenoticias.com.ar\/?p=13892","title":{"rendered":"Las personas detenidas por realizar pintadas a favor de CFK en Paran\u00e1 recuperaron la libertad. Hay un gremio involucrado"},"content":{"rendered":"\n<h2 class=\"wp-block-heading\">Los cinco j\u00f3venes que fueron demorados este jueves a la medianoche luego de realizar pintadas en la v\u00eda p\u00fablica a favor de Cristina Kirchner en Paran\u00e1, recuperaron la libertad despu\u00e9s de ser identificadosfehacientemente ante la Justicia.<\/h2>\n\n\n\n<p>Seg\u00fan se inform\u00f3 a <strong>IMPACTO DE NOTICIAS<\/strong>, fueron detenidos preventivamente tras haber recibido la orden de la fiscal\u00eda en turno y mientras se llevaban a cabo las diligencias habituales para estos casos.<\/p>\n\n\n\n<p>Fuentes policiales de la Comisar\u00eda Cuarta que intervinieron en el operativo informaron que el auto en el que se conduc\u00edan los involucrados, un Toyota Corolla de color bord\u00f3, est\u00e1 registrado como propiedad del Sindicato \u00danico de Trabajadores de la Salud de Entre R\u00edos -Sutser-. El veh\u00edculo fue requisado y retenido.<\/p>\n\n\n\n<p>Efectivos de la Comisar\u00eda Cuarta se hicieron presentes en calles Almirante Brown y Rondeau, tras un llamado al 911, en el lugar observaron la primera pintada. Minutos despu\u00e9s encontraron m\u00e1s grafiter\u00eda en las esquinas de Jos\u00e9 Cabrera y de Soler. Finalmente, tras el seguimientod en las c\u00e1maras de videovigilancia, lograron interceptarlos en Avenida Ram\u00edrez y calle 25 de Mayo, donde fueron aprehendidos.<\/p>\n","protected":false},"excerpt":{"rendered":"<p>Los cinco j&oacute;venes que fueron demorados este jueves a la medianoche luego de realizar pintadas en la v&iacute;a p&uacute;blica a favor de Cristina Kirchner en Paran&aacute;, recuperaron la libertad despu&eacute;s de ser identificadosfehacientemente ante la Justicia. Seg&uacute;n se inform&oacute; a IMPACTO DE NOTICIAS, fueron detenidos preventivamente tras haber recibido la orden de la fiscal&iacute;a en [&hellip;]<\/p>\n","protected":false},"author":2,"featured_media":13893,"comment_status":"open","ping_status":"open","sticky":false,"template":"","format":"standard","meta":{"footnotes":""},"categories":[3,8],"tags":[30,138,95,5376,5379,338],"class_list":["post-13892","post","type-post","status-publish","format-standard","has-post-thumbnail","hentry","category-locales","category-policiales","tag-cristina-kirchner","tag-detenidos","tag-parana","tag-pintadas","tag-sutser","tag-vehiculo"],"_links":{"self":[{"href":"https:\/\/impactodenoticias.com.ar\/index.php?rest_route=\/wp\/v2\/posts\/13892","targetHints":{"allow":["GET"]}}],"collection":[{"href":"https:\/\/impactodenoticias.com.ar\/index.php?rest_route=\/wp\/v2\/posts"}],"about":[{"href":"https:\/\/impactodenoticias.com.ar\/index.php?rest_route=\/wp\/v2\/types\/post"}],"author":[{"embeddable":true,"href":"https:\/\/impactodenoticias.com.ar\/index.php?rest_route=\/wp\/v2\/users\/2"}],"replies":[{"embeddable":true,"href":"https:\/\/impactodenoticias.com.ar\/index.php?rest_route=%2Fwp%2Fv2%2Fcomments&post=13892"}],"version-history":[{"count":1,"href":"https:\/\/impactodenoticias.com.ar\/index.php?rest_route=\/wp\/v2\/posts\/13892\/revisions"}],"predecessor-version":[{"id":13894,"href":"https:\/\/impactodenoticias.com.ar\/index.php?rest_route=\/wp\/v2\/posts\/13892\/revisions\/13894"}],"wp:featuredmedia":[{"embeddable":true,"href":"https:\/\/impactodenoticias.com.ar\/index.php?rest_route=\/wp\/v2\/media\/13893"}],"wp:attachment":[{"href":"https:\/\/impactodenoticias.com.ar\/index.php?rest_route=%2Fwp%2Fv2%2Fmedia&parent=13892"}],"wp:term":[{"taxonomy":"category","embeddable":true,"href":"https:\/\/impactodenoticias.com.ar\/index.php?rest_route=%2Fwp%2Fv2%2Fcategories&post=13892"},{"taxonomy":"post_tag","embeddable":true,"href":"https:\/\/impactodenoticias.com.ar\/index.php?rest_route=%2Fwp%2Fv2%2Ftags&post=13892"}],"curies":[{"name":"wp","href":"https:\/\/api.w.org\/{rel}","templated":true}]}}