{"id":1391,"date":"2024-07-22T13:39:57","date_gmt":"2024-07-22T16:39:57","guid":{"rendered":"https:\/\/impactodenoticias.com.ar\/?p=1391"},"modified":"2024-07-22T13:43:08","modified_gmt":"2024-07-22T16:43:08","slug":"ubicaron-al-hombre-que-habia-salido-a-pescar-y-no-volvio","status":"publish","type":"post","link":"https:\/\/impactodenoticias.com.ar\/?p=1391","title":{"rendered":"Ubicaron al hombre que hab\u00eda salido a pescar y no volvi\u00f3"},"content":{"rendered":"\n<p><strong>Se realizaron rastrillajes en el Departamento Feliciano, en el Distrito Basualdo, puntualmente en la estancia Port\u00f3n Colorado.<\/strong><\/p>\n\n\n\n<p>La b\u00fasqueda se centraliz\u00f3 en Feliciano, m\u00e1s precisamente en el Distrito Basualdo, en la estancia \u201cPort\u00f3n Colorado\u201d ya que un hombre, que hab\u00eda salido a pescar, no volvi\u00f3 y presumiblemente se habr\u00eda perdido en el campo.<\/p>\n\n\n\n<p>Por esta raz\u00f3n se hab\u00eda desplegado una intensa b\u00fasqueda.<\/p>\n\n\n\n<p>El hombre de 53 a\u00f1os fue encontrado este lunes. Hab\u00eda atravesado un monte y por esa raz\u00f3n no se lo hab\u00eda visto m\u00e1s.<\/p>\n\n\n\n<p>El hombre fue hallado casi al l\u00edmite con la provincia de Corrientes, y estaba si comer ni beber. Ten\u00eda miedo de ser atacado por animales salvajes y camin\u00f3 alrededor de 50 kil\u00f3metros, desde la Comisar\u00eda de Santa Elena confirmaron que su estado de salud es bueno.<\/p>\n\n\n\n<p>Cabe destacar que la ma\u00f1ana de este lunes parti\u00f3 desde Chajar\u00ed una dotaci\u00f3n de Bomberos Voluntarios tambi\u00e9n con perros rastreadores para buscar a Fern\u00e1ndez.<\/p>\n","protected":false},"excerpt":{"rendered":"<p>Se realizaron rastrillajes en el Departamento Feliciano, en el Distrito Basualdo, puntualmente en la estancia Port&oacute;n Colorado. La b&uacute;squeda se centraliz&oacute; en Feliciano, m&aacute;s precisamente en el Distrito Basualdo, en la estancia &ldquo;Port&oacute;n Colorado&rdquo; ya que un hombre, que hab&iacute;a salido a pescar, no volvi&oacute; y presumiblemente se habr&iacute;a perdido en el campo. Por esta [&hellip;]<\/p>\n","protected":false},"author":2,"featured_media":1392,"comment_status":"open","ping_status":"open","sticky":false,"template":"","format":"standard","meta":{"footnotes":""},"categories":[8,4],"tags":[694,251,691,699],"class_list":["post-1391","post","type-post","status-publish","format-standard","has-post-thumbnail","hentry","category-policiales","category-provinciales","tag-basualdo","tag-busqueda","tag-feliciano","tag-porton-colorado"],"_links":{"self":[{"href":"https:\/\/impactodenoticias.com.ar\/index.php?rest_route=\/wp\/v2\/posts\/1391","targetHints":{"allow":["GET"]}}],"collection":[{"href":"https:\/\/impactodenoticias.com.ar\/index.php?rest_route=\/wp\/v2\/posts"}],"about":[{"href":"https:\/\/impactodenoticias.com.ar\/index.php?rest_route=\/wp\/v2\/types\/post"}],"author":[{"embeddable":true,"href":"https:\/\/impactodenoticias.com.ar\/index.php?rest_route=\/wp\/v2\/users\/2"}],"replies":[{"embeddable":true,"href":"https:\/\/impactodenoticias.com.ar\/index.php?rest_route=%2Fwp%2Fv2%2Fcomments&post=1391"}],"version-history":[{"count":2,"href":"https:\/\/impactodenoticias.com.ar\/index.php?rest_route=\/wp\/v2\/posts\/1391\/revisions"}],"predecessor-version":[{"id":1394,"href":"https:\/\/impactodenoticias.com.ar\/index.php?rest_route=\/wp\/v2\/posts\/1391\/revisions\/1394"}],"wp:featuredmedia":[{"embeddable":true,"href":"https:\/\/impactodenoticias.com.ar\/index.php?rest_route=\/wp\/v2\/media\/1392"}],"wp:attachment":[{"href":"https:\/\/impactodenoticias.com.ar\/index.php?rest_route=%2Fwp%2Fv2%2Fmedia&parent=1391"}],"wp:term":[{"taxonomy":"category","embeddable":true,"href":"https:\/\/impactodenoticias.com.ar\/index.php?rest_route=%2Fwp%2Fv2%2Fcategories&post=1391"},{"taxonomy":"post_tag","embeddable":true,"href":"https:\/\/impactodenoticias.com.ar\/index.php?rest_route=%2Fwp%2Fv2%2Ftags&post=1391"}],"curies":[{"name":"wp","href":"https:\/\/api.w.org\/{rel}","templated":true}]}}