{"id":13934,"date":"2025-06-15T10:51:09","date_gmt":"2025-06-15T13:51:09","guid":{"rendered":"https:\/\/impactodenoticias.com.ar\/?p=13934"},"modified":"2025-06-15T10:51:10","modified_gmt":"2025-06-15T13:51:10","slug":"un-motociclista-tuvo-que-ser-hospitalizado-en-grave-estado-tras-protagonizar-un-accidente-de-transito-en-parana","status":"publish","type":"post","link":"https:\/\/impactodenoticias.com.ar\/?p=13934","title":{"rendered":"Un motociclista tuvo que ser hospitalizado en grave estado tras protagonizar un accidente de tr\u00e1nsito en Paran\u00e1"},"content":{"rendered":"\n<h2 class=\"wp-block-heading\">Un joven de 20 a\u00f1os fue trasladado al hospital, luego de sufrir un violento accidente vial entre una moto y una camioneta en la madrugada de este domingo en Paran\u00e1. El siniestro vial sucedi\u00f3 en avenida Almafuerte y Marangunich.<\/h2>\n\n\n\n<p>De acuerdo a los testimonios recabados en el lugar del accidente, el conductor de la motocicleta circulaba en direcci\u00f3n oeste a este por avenida Almafuerte cuando choc\u00f3 violentamente con una camioneta, que se desplazaba por calle Marangunich en sentido sur a norte.<\/p>\n\n\n\n<p>Luego del choque, el conductor de la motocicleta y su acompa\u00f1ante sufrieron lesiones y fueron trasladados al Hospital San Mart\u00edn por una ambulancia, presentando escoriaciones diversas.<\/p>\n\n\n\n<p>El conductor de la camioneta, un hombre identificado en el lugar, se retir\u00f3 del sitio del hecho; pero fue localizado y demorado posteriormente por personal de la Divisi\u00f3n 911.<\/p>\n\n\n\n<p>La Fiscal Guzm\u00e1n orden\u00f3 la extracci\u00f3n de sangre y orina de ambos conductores para determinar su estado al momento del accidente, as\u00ed como pericias pertinentes sobre la camioneta Volkswagen Amarok involucrada.<\/p>\n\n\n\n<p>En el lugar del choque se comision\u00f3 a personal de la D.G. Polic\u00eda Cient\u00edfica para llevar a cabo las investigaciones necesarias.<\/p>\n\n\n\n<p>Minutosa despu\u00e9s se inform\u00f3 desde el nocosomio que el joven de 20 a\u00f1os al momento de su ingreso, estaba inconsciente y posee un traumatismo grave de cr\u00e1neo, con sangrado de o\u00eddo. Se encuentra preventivamente sedado, intubado en sala de shock room, siendo su estado el de pron\u00f3stico reservado.<\/p>\n","protected":false},"excerpt":{"rendered":"<p>Un joven de 20 a&ntilde;os fue trasladado al hospital, luego de sufrir un violento accidente vial entre una moto y una camioneta en la madrugada de este domingo en Paran&aacute;. El siniestro vial sucedi&oacute; en avenida Almafuerte y Marangunich. De acuerdo a los testimonios recabados en el lugar del accidente, el conductor de la motocicleta [&hellip;]<\/p>\n","protected":false},"author":2,"featured_media":13935,"comment_status":"open","ping_status":"open","sticky":false,"template":"","format":"standard","meta":{"footnotes":""},"categories":[3,8],"tags":[120,402,5388,388,95],"class_list":["post-13934","post","type-post","status-publish","format-standard","has-post-thumbnail","hentry","category-locales","category-policiales","tag-accidente","tag-camioneta","tag-lesionados","tag-moto","tag-parana"],"_links":{"self":[{"href":"https:\/\/impactodenoticias.com.ar\/index.php?rest_route=\/wp\/v2\/posts\/13934","targetHints":{"allow":["GET"]}}],"collection":[{"href":"https:\/\/impactodenoticias.com.ar\/index.php?rest_route=\/wp\/v2\/posts"}],"about":[{"href":"https:\/\/impactodenoticias.com.ar\/index.php?rest_route=\/wp\/v2\/types\/post"}],"author":[{"embeddable":true,"href":"https:\/\/impactodenoticias.com.ar\/index.php?rest_route=\/wp\/v2\/users\/2"}],"replies":[{"embeddable":true,"href":"https:\/\/impactodenoticias.com.ar\/index.php?rest_route=%2Fwp%2Fv2%2Fcomments&post=13934"}],"version-history":[{"count":1,"href":"https:\/\/impactodenoticias.com.ar\/index.php?rest_route=\/wp\/v2\/posts\/13934\/revisions"}],"predecessor-version":[{"id":13936,"href":"https:\/\/impactodenoticias.com.ar\/index.php?rest_route=\/wp\/v2\/posts\/13934\/revisions\/13936"}],"wp:featuredmedia":[{"embeddable":true,"href":"https:\/\/impactodenoticias.com.ar\/index.php?rest_route=\/wp\/v2\/media\/13935"}],"wp:attachment":[{"href":"https:\/\/impactodenoticias.com.ar\/index.php?rest_route=%2Fwp%2Fv2%2Fmedia&parent=13934"}],"wp:term":[{"taxonomy":"category","embeddable":true,"href":"https:\/\/impactodenoticias.com.ar\/index.php?rest_route=%2Fwp%2Fv2%2Fcategories&post=13934"},{"taxonomy":"post_tag","embeddable":true,"href":"https:\/\/impactodenoticias.com.ar\/index.php?rest_route=%2Fwp%2Fv2%2Ftags&post=13934"}],"curies":[{"name":"wp","href":"https:\/\/api.w.org\/{rel}","templated":true}]}}