{"id":13938,"date":"2025-06-17T09:07:34","date_gmt":"2025-06-17T12:07:34","guid":{"rendered":"https:\/\/impactodenoticias.com.ar\/?p=13938"},"modified":"2025-06-17T09:07:34","modified_gmt":"2025-06-17T12:07:34","slug":"ingresaron-a-entre-rios-alrededor-de-37-000-vehiculos-y-se-detuvo-la-marcha-de-al-menos-8-conductores-ebrios","status":"publish","type":"post","link":"https:\/\/impactodenoticias.com.ar\/?p=13938","title":{"rendered":"Ingresaron a Entre R\u00edos alrededor de 37.000 veh\u00edculos y se detuvo la marcha de al menos 8 conductores ebrios"},"content":{"rendered":"\n<h2 class=\"wp-block-heading\">La Polic\u00eda de Entre R\u00edos realiz\u00f3 controles en rutas y accesos de toda la provincia por el fin de semana largo y brind\u00f3 los datos tras el fin de semana largo.<\/h2>\n\n\n\n<p>Desde la Polic\u00eda de Entre R\u00edos dieron a conocer que hubo una fuerte actividad en los puestos camineros de las diferentes rutas de la provincia por el fin de semana largo. Entre jueves y domingo, se hab\u00eda registrado el ingreso de 37.406 veh\u00edculos y un egreso de 35.609.<\/p>\n\n\n\n<p>Adem\u00e1s, indicaron que hubo \u201ccontroles de alcoholemia ininterrumpidos\u201d en todo el territorio provincial, que arrojaron como resultado ocho test de alcoholemia positiva, de las 4.247 pruebas realizadas en los puestos de Control Vial.<\/p>\n\n\n\n<p>A\u00f1adieron que, en lo que va de este a\u00f1o, la Direcci\u00f3n General de Prevenci\u00f3n y Seguridad Vial de la Polic\u00eda de Entre R\u00edos secuestr\u00f3 274 veh\u00edculos por diversas causas, 16 armas de fuego y arrest\u00f3 a 50 personas.<\/p>\n","protected":false},"excerpt":{"rendered":"<p>La Polic&iacute;a de Entre R&iacute;os realiz&oacute; controles en rutas y accesos de toda la provincia por el fin de semana largo y brind&oacute; los datos tras el fin de semana largo. Desde la Polic&iacute;a de Entre R&iacute;os dieron a conocer que hubo una fuerte actividad en los puestos camineros de las diferentes rutas de la [&hellip;]<\/p>\n","protected":false},"author":2,"featured_media":13939,"comment_status":"open","ping_status":"open","sticky":false,"template":"","format":"standard","meta":{"footnotes":""},"categories":[8,4],"tags":[3511,33,2402,5390,118],"class_list":["post-13938","post","type-post","status-publish","format-standard","has-post-thumbnail","hentry","category-policiales","category-provinciales","tag-controles","tag-entre-rios","tag-fin-de-semana","tag-largo","tag-policiales"],"_links":{"self":[{"href":"https:\/\/impactodenoticias.com.ar\/index.php?rest_route=\/wp\/v2\/posts\/13938","targetHints":{"allow":["GET"]}}],"collection":[{"href":"https:\/\/impactodenoticias.com.ar\/index.php?rest_route=\/wp\/v2\/posts"}],"about":[{"href":"https:\/\/impactodenoticias.com.ar\/index.php?rest_route=\/wp\/v2\/types\/post"}],"author":[{"embeddable":true,"href":"https:\/\/impactodenoticias.com.ar\/index.php?rest_route=\/wp\/v2\/users\/2"}],"replies":[{"embeddable":true,"href":"https:\/\/impactodenoticias.com.ar\/index.php?rest_route=%2Fwp%2Fv2%2Fcomments&post=13938"}],"version-history":[{"count":1,"href":"https:\/\/impactodenoticias.com.ar\/index.php?rest_route=\/wp\/v2\/posts\/13938\/revisions"}],"predecessor-version":[{"id":13940,"href":"https:\/\/impactodenoticias.com.ar\/index.php?rest_route=\/wp\/v2\/posts\/13938\/revisions\/13940"}],"wp:featuredmedia":[{"embeddable":true,"href":"https:\/\/impactodenoticias.com.ar\/index.php?rest_route=\/wp\/v2\/media\/13939"}],"wp:attachment":[{"href":"https:\/\/impactodenoticias.com.ar\/index.php?rest_route=%2Fwp%2Fv2%2Fmedia&parent=13938"}],"wp:term":[{"taxonomy":"category","embeddable":true,"href":"https:\/\/impactodenoticias.com.ar\/index.php?rest_route=%2Fwp%2Fv2%2Fcategories&post=13938"},{"taxonomy":"post_tag","embeddable":true,"href":"https:\/\/impactodenoticias.com.ar\/index.php?rest_route=%2Fwp%2Fv2%2Ftags&post=13938"}],"curies":[{"name":"wp","href":"https:\/\/api.w.org\/{rel}","templated":true}]}}