{"id":13941,"date":"2025-06-17T09:21:02","date_gmt":"2025-06-17T12:21:02","guid":{"rendered":"https:\/\/impactodenoticias.com.ar\/?p=13941"},"modified":"2025-06-21T09:47:07","modified_gmt":"2025-06-21T12:47:07","slug":"santa-fe-un-hermano-del-gobernador-sufrio-una-brutal-entradera","status":"publish","type":"post","link":"https:\/\/impactodenoticias.com.ar\/?p=13941","title":{"rendered":"Santa Fe: un hermano del gobernador sufri\u00f3 una brutal entradera"},"content":{"rendered":"\n<h2 class=\"wp-block-heading\">Mart\u00edn Pullaro fue maniatado junto a su pareja por al menos tres delincuentes, que ingresaron a su casa y se alzaron con tel\u00e9fonos celulares, una notebook, dinero y un dispositivo vinculado al sistema de c\u00e1maras de seguridad.<\/h2>\n\n\n\n<p>Uno de los hermanos del gobernador de Santa Fe, Maximiliano Pullaro, padeci\u00f3 una violenta entradera el pasado s\u00e1bado en su vivienda, ubicada en el barrio cerrado Pinares del Sur, cercano a la localidad de Pi\u00f1ero, a 20 kil\u00f3metros al oeste de Rosario. Fue maniatado junto con su pareja por al menos tres delincuentes que ingresaron en su propiedad. Se llevaron dinero en efectivo, celulares, una computadora, una consola de videojuegos y el DVR de las c\u00e1maras de seguridad.<\/p>\n\n\n\n<p>Seg\u00fan precisaron fuentes policiales, cuando los malvivintes ingresaron al complejo, cortaron la electricidad en la casa de Pullaro, que sali\u00f3 de la vivienda a ver que ocurr\u00eda y fue entonces que lo abordaron, lo amenazaron y lo obligaron a ingresar.<\/p>\n\n\n\n<p>Se cree que los delincuentes lograron entrar al barrio cerrado por medio de un tejido perimetral que estaba roto. Adem\u00e1s hay indicios de que un cuarto sospechoso que estar\u00eda aguardando en las inmediaciones haciendo de campana.<\/p>\n\n\n\n<p>La Polic\u00eda lleg\u00f3 reci\u00e9n cuando las v\u00edctimas pudieron liberarse y llamar al 911 para dar aviso del crimen. El hecho fue calificado como robo calificado con privaci\u00f3n ileg\u00edtima de la libertad.<\/p>\n\n\n\n<p>Luego de la denuncia, se dispuso relevar las c\u00e1maras del predio para tratar de obtener im\u00e1genes de los ladrones.<\/p>\n","protected":false},"excerpt":{"rendered":"<p>Mart&iacute;n Pullaro fue maniatado junto a su pareja por al menos tres delincuentes, que ingresaron a su casa y se alzaron con tel&eacute;fonos celulares, una notebook, dinero y un dispositivo vinculado al sistema de c&aacute;maras de seguridad. Uno de los hermanos del gobernador de Santa Fe, Maximiliano Pullaro, padeci&oacute; una violenta entradera el pasado s&aacute;bado [&hellip;]<\/p>\n","protected":false},"author":2,"featured_media":13942,"comment_status":"open","ping_status":"open","sticky":false,"template":"","format":"standard","meta":{"footnotes":""},"categories":[8,4],"tags":[1144,1286,3582,5391,5392,78,366],"class_list":["post-13941","post","type-post","status-publish","format-standard","has-post-thumbnail","hentry","category-policiales","category-provinciales","tag-asalto","tag-gobernador","tag-hermano","tag-martin-pullaro","tag-maximiliano","tag-santa-fe","tag-vivienda"],"_links":{"self":[{"href":"https:\/\/impactodenoticias.com.ar\/index.php?rest_route=\/wp\/v2\/posts\/13941","targetHints":{"allow":["GET"]}}],"collection":[{"href":"https:\/\/impactodenoticias.com.ar\/index.php?rest_route=\/wp\/v2\/posts"}],"about":[{"href":"https:\/\/impactodenoticias.com.ar\/index.php?rest_route=\/wp\/v2\/types\/post"}],"author":[{"embeddable":true,"href":"https:\/\/impactodenoticias.com.ar\/index.php?rest_route=\/wp\/v2\/users\/2"}],"replies":[{"embeddable":true,"href":"https:\/\/impactodenoticias.com.ar\/index.php?rest_route=%2Fwp%2Fv2%2Fcomments&post=13941"}],"version-history":[{"count":1,"href":"https:\/\/impactodenoticias.com.ar\/index.php?rest_route=\/wp\/v2\/posts\/13941\/revisions"}],"predecessor-version":[{"id":13943,"href":"https:\/\/impactodenoticias.com.ar\/index.php?rest_route=\/wp\/v2\/posts\/13941\/revisions\/13943"}],"wp:featuredmedia":[{"embeddable":true,"href":"https:\/\/impactodenoticias.com.ar\/index.php?rest_route=\/wp\/v2\/media\/13942"}],"wp:attachment":[{"href":"https:\/\/impactodenoticias.com.ar\/index.php?rest_route=%2Fwp%2Fv2%2Fmedia&parent=13941"}],"wp:term":[{"taxonomy":"category","embeddable":true,"href":"https:\/\/impactodenoticias.com.ar\/index.php?rest_route=%2Fwp%2Fv2%2Fcategories&post=13941"},{"taxonomy":"post_tag","embeddable":true,"href":"https:\/\/impactodenoticias.com.ar\/index.php?rest_route=%2Fwp%2Fv2%2Ftags&post=13941"}],"curies":[{"name":"wp","href":"https:\/\/api.w.org\/{rel}","templated":true}]}}