{"id":13948,"date":"2025-06-21T09:08:32","date_gmt":"2025-06-21T12:08:32","guid":{"rendered":"https:\/\/impactodenoticias.com.ar\/?p=13948"},"modified":"2025-06-21T09:28:20","modified_gmt":"2025-06-21T12:28:20","slug":"gualeguaychu-ordenaron-la-captura-de-un-hombre-de-56-anos-por-lesiones-agravadas","status":"publish","type":"post","link":"https:\/\/impactodenoticias.com.ar\/?p=13948","title":{"rendered":"Gualeguaych\u00fa ordenaron la captura de un hombre de 56 a\u00f1os por \u201clesiones agravadas\u201d"},"content":{"rendered":"\n<h2 class=\"wp-block-heading\">En la tarde de este jueves, aproximadamente a las 19:15, personal del Comando Radioel\u00e9ctrico junto a efectivos de la Comisar\u00eda Segunda llevaron adelante un allanamiento con orden de detenci\u00f3n en una vivienda ubicada en inmediaciones de calle Buenos Aires de Gualeguaych\u00fa, a la altura del n\u00famero 780.<\/h2>\n\n\n\n<p>La medida fue dispuesta por la Fiscal\u00eda de G\u00e9nero, en el marco de una causa caratulada como \u201cLesiones agravadas por mediar violencia de g\u00e9nero y otros delitos\u201d.<\/p>\n\n\n\n<p>En el procedimiento, se secuestraron prendas de vestir de inter\u00e9s para la causa, una bicicleta tipo todo terreno rodado 29 de color negro y se concret\u00f3 la detenci\u00f3n de un hombre de 56 a\u00f1os, quien fue notificado de la medida judicial.<\/p>\n\n\n\n<p>Seg\u00fan se inform\u00f3 a <strong>IMPACTO DE NOTICIAS<\/strong>, el procedimiento ordenado por la Justicia, arroj\u00f3 resultado positivo y el detenido fue trasladado a la Jefatura Departamental, donde qued\u00f3 alojado a disposici\u00f3n de la autoridad judicial interviniente.<\/p>\n","protected":false},"excerpt":{"rendered":"<p>En la tarde de este jueves, aproximadamente a las 19:15, personal del Comando Radioel&eacute;ctrico junto a efectivos de la Comisar&iacute;a Segunda llevaron adelante un allanamiento con orden de detenci&oacute;n en una vivienda ubicada en inmediaciones de calle Buenos Aires de Gualeguaych&uacute;, a la altura del n&uacute;mero 780. La medida fue dispuesta por la Fiscal&iacute;a de [&hellip;]<\/p>\n","protected":false},"author":2,"featured_media":13949,"comment_status":"open","ping_status":"open","sticky":false,"template":"","format":"standard","meta":{"footnotes":""},"categories":[8,4],"tags":[175,280,146],"class_list":["post-13948","post","type-post","status-publish","format-standard","has-post-thumbnail","hentry","category-policiales","category-provinciales","tag-detenido","tag-gualeguaychu","tag-hombre"],"_links":{"self":[{"href":"https:\/\/impactodenoticias.com.ar\/index.php?rest_route=\/wp\/v2\/posts\/13948","targetHints":{"allow":["GET"]}}],"collection":[{"href":"https:\/\/impactodenoticias.com.ar\/index.php?rest_route=\/wp\/v2\/posts"}],"about":[{"href":"https:\/\/impactodenoticias.com.ar\/index.php?rest_route=\/wp\/v2\/types\/post"}],"author":[{"embeddable":true,"href":"https:\/\/impactodenoticias.com.ar\/index.php?rest_route=\/wp\/v2\/users\/2"}],"replies":[{"embeddable":true,"href":"https:\/\/impactodenoticias.com.ar\/index.php?rest_route=%2Fwp%2Fv2%2Fcomments&post=13948"}],"version-history":[{"count":2,"href":"https:\/\/impactodenoticias.com.ar\/index.php?rest_route=\/wp\/v2\/posts\/13948\/revisions"}],"predecessor-version":[{"id":13951,"href":"https:\/\/impactodenoticias.com.ar\/index.php?rest_route=\/wp\/v2\/posts\/13948\/revisions\/13951"}],"wp:featuredmedia":[{"embeddable":true,"href":"https:\/\/impactodenoticias.com.ar\/index.php?rest_route=\/wp\/v2\/media\/13949"}],"wp:attachment":[{"href":"https:\/\/impactodenoticias.com.ar\/index.php?rest_route=%2Fwp%2Fv2%2Fmedia&parent=13948"}],"wp:term":[{"taxonomy":"category","embeddable":true,"href":"https:\/\/impactodenoticias.com.ar\/index.php?rest_route=%2Fwp%2Fv2%2Fcategories&post=13948"},{"taxonomy":"post_tag","embeddable":true,"href":"https:\/\/impactodenoticias.com.ar\/index.php?rest_route=%2Fwp%2Fv2%2Ftags&post=13948"}],"curies":[{"name":"wp","href":"https:\/\/api.w.org\/{rel}","templated":true}]}}