{"id":1395,"date":"2024-07-22T13:44:34","date_gmt":"2024-07-22T16:44:34","guid":{"rendered":"https:\/\/impactodenoticias.com.ar\/?p=1395"},"modified":"2024-07-22T19:46:50","modified_gmt":"2024-07-22T22:46:50","slug":"buscan-intensamente-a-un-joven-de-17-anos-que-desaparecio-en-cerrito","status":"publish","type":"post","link":"https:\/\/impactodenoticias.com.ar\/?p=1395","title":{"rendered":"Buscan intensamente a un joven de 17 a\u00f1os que desapareci\u00f3 en Cerrito"},"content":{"rendered":"\n<p><strong>La Unidad Fiscal de Paran\u00e1 pidi\u00f3 la colaboraci\u00f3n de la ciudadan\u00eda, para dar con el paradero de Rodrigo Uriel Rodr\u00edguez, de 17 a\u00f1os, quien se habr\u00eda retirado ayer de la Residencia \u201cJosefina Bressud\u201d, de la ciudad de Cerrito.<\/strong><\/p>\n\n\n\n<p>Rodr\u00edguez es de contextura robusta y mide 1,70 metros. Tiene cabello corto y oscuro, y puede llevar un tatuaje en la mano izquierda.<\/p>\n\n\n\n<p>Cualquier informaci\u00f3n que facilite la localizaci\u00f3n del joven puede suministrarse al 911, a la Mesa de Informaci\u00f3n Permanente del Poder Judicial (0800 4446372) o comunic\u00e1ndose a la Divisi\u00f3n de Minoridad (0343 420914\/915).<\/p>\n","protected":false},"excerpt":{"rendered":"<p>La Unidad Fiscal de Paran&aacute; pidi&oacute; la colaboraci&oacute;n de la ciudadan&iacute;a, para dar con el paradero de Rodrigo Uriel Rodr&iacute;guez, de 17 a&ntilde;os, quien se habr&iacute;a retirado ayer de la Residencia &ldquo;Josefina Bressud&rdquo;, de la ciudad de Cerrito. Rodr&iacute;guez es de contextura robusta y mide 1,70 metros. Tiene cabello corto y oscuro, y puede llevar [&hellip;]<\/p>\n","protected":false},"author":2,"featured_media":1396,"comment_status":"open","ping_status":"open","sticky":false,"template":"","format":"standard","meta":{"footnotes":""},"categories":[8,4],"tags":[251,701,118,702],"class_list":["post-1395","post","type-post","status-publish","format-standard","has-post-thumbnail","hentry","category-policiales","category-provinciales","tag-busqueda","tag-cerrito","tag-policiales","tag-rodrigo-uriel-rodriguez"],"_links":{"self":[{"href":"https:\/\/impactodenoticias.com.ar\/index.php?rest_route=\/wp\/v2\/posts\/1395","targetHints":{"allow":["GET"]}}],"collection":[{"href":"https:\/\/impactodenoticias.com.ar\/index.php?rest_route=\/wp\/v2\/posts"}],"about":[{"href":"https:\/\/impactodenoticias.com.ar\/index.php?rest_route=\/wp\/v2\/types\/post"}],"author":[{"embeddable":true,"href":"https:\/\/impactodenoticias.com.ar\/index.php?rest_route=\/wp\/v2\/users\/2"}],"replies":[{"embeddable":true,"href":"https:\/\/impactodenoticias.com.ar\/index.php?rest_route=%2Fwp%2Fv2%2Fcomments&post=1395"}],"version-history":[{"count":1,"href":"https:\/\/impactodenoticias.com.ar\/index.php?rest_route=\/wp\/v2\/posts\/1395\/revisions"}],"predecessor-version":[{"id":1397,"href":"https:\/\/impactodenoticias.com.ar\/index.php?rest_route=\/wp\/v2\/posts\/1395\/revisions\/1397"}],"wp:featuredmedia":[{"embeddable":true,"href":"https:\/\/impactodenoticias.com.ar\/index.php?rest_route=\/wp\/v2\/media\/1396"}],"wp:attachment":[{"href":"https:\/\/impactodenoticias.com.ar\/index.php?rest_route=%2Fwp%2Fv2%2Fmedia&parent=1395"}],"wp:term":[{"taxonomy":"category","embeddable":true,"href":"https:\/\/impactodenoticias.com.ar\/index.php?rest_route=%2Fwp%2Fv2%2Fcategories&post=1395"},{"taxonomy":"post_tag","embeddable":true,"href":"https:\/\/impactodenoticias.com.ar\/index.php?rest_route=%2Fwp%2Fv2%2Ftags&post=1395"}],"curies":[{"name":"wp","href":"https:\/\/api.w.org\/{rel}","templated":true}]}}