{"id":13976,"date":"2025-06-22T12:05:07","date_gmt":"2025-06-22T15:05:07","guid":{"rendered":"https:\/\/impactodenoticias.com.ar\/?p=13976"},"modified":"2025-06-26T12:12:56","modified_gmt":"2025-06-26T15:12:56","slug":"dolor-de-la-mama-de-dos-victimas-de-tragedia-de-entre-rios-desde-el-entorno-de-juan-orrico-nos-ofrecieron-plata","status":"publish","type":"post","link":"https:\/\/impactodenoticias.com.ar\/?p=13976","title":{"rendered":"Dolor de la mam\u00e1 de dos v\u00edctimas de tragedia de Entre R\u00edos: \u00abDesde el entorno de Juan Orrico NOS OFRECIERON PLATA\u00bb"},"content":{"rendered":"\n<h2 class=\"wp-block-heading\">Un a\u00f1o se cumpli\u00f3 del accidente fatal en el que ex funcionario Juan Orrico choc\u00f3 y mat\u00f3 a cuatro j\u00f3venes que iban a trabajar en la provincia de Entre R\u00edos en la madrugada del 20 de junio de 2024. Se supo que conduc\u00eda bajo los efectos del alcohol y a alta velocidad.<\/h2>\n\n\n\n<p>En medio del dolor y del pedido de justicia, Lorena, mam\u00e1 de Brian y Lucas Izaguirre, habl\u00f3 con la agencia Noticias Argentinas y manifest\u00f3 que el acusado sigue libre y que, pese a que el caso fue elevado a juicio, est\u00e1 caratulado con una acusaci\u00f3n distinta a la solicitada y hasta acusan irregularidades.<\/p>\n\n\n\n<p>\u201cEl 20 de junio de 2024 Orrico sali\u00f3 alcoholizado de una fiesta en la casa del presidente de la Magistratura. Cerca de las 4.20 de la ma\u00f1ana se cruz\u00f3 de carril en la Ruta 39 y embisti\u00f3 a alta velocidad, a 180 k\/h, el auto en el que iban mis hijos y sus compa\u00f1eros Leandro Almada y Axel Rossi. Todos se dirig\u00edan a trabajar a un frigor\u00edfico\u201d, detall\u00f3 la mujer.<\/p>\n\n\n\n<p><\/p>\n\n\n\n<figure class=\"wp-block-image size-full\"><img loading=\"lazy\" decoding=\"async\" width=\"910\" height=\"720\" src=\"https:\/\/impactodenoticias.com.ar\/wp-content\/uploads\/2025\/06\/Victimas-Accidente-Juan-Orrico.webp\" alt=\"\" class=\"wp-image-13977\" srcset=\"https:\/\/impactodenoticias.com.ar\/wp-content\/uploads\/2025\/06\/Victimas-Accidente-Juan-Orrico.webp 910w, https:\/\/impactodenoticias.com.ar\/wp-content\/uploads\/2025\/06\/Victimas-Accidente-Juan-Orrico-300x237.webp 300w, https:\/\/impactodenoticias.com.ar\/wp-content\/uploads\/2025\/06\/Victimas-Accidente-Juan-Orrico-768x608.webp 768w\" sizes=\"auto, (max-width: 910px) 100vw, 910px\" \/><\/figure>\n\n\n\n<p><\/p>\n\n\n\n<p><\/p>\n\n\n\n<p>Lorena es mam\u00e1 de tres hombres y abuela. Ahora solo est\u00e1 junto con su hijo Leo y sus nietos. Hace un a\u00f1o que lucha de manera diaria, junto con los familiares de las otras v\u00edctimas, para lograr que el acusado, con amplio apoyo pol\u00edtico, puede recibir la pena correspondiente.<\/p>\n\n\n\n<p>\u201cNosotros nos enteramos horas despu\u00e9s del accidente. Nadie nos llam\u00f3. Fue un conocido que nos escribi\u00f3 para decirnos que la ruta estaba cortada y ah\u00ed supimos lo que hab\u00eda pasado\u201d, sum\u00f3.<\/p>\n\n\n\n<p>En este sentido, record\u00f3 que el test de alcoholemia, que dio 1,59 mg\/l de alcohol en sangre, se lo hicieron cuatro horas despu\u00e9s de haber ingresado al Hospital Urquiza de Concepci\u00f3n del Uruguay: \u201cLe pasaron suero y hasta tom\u00f3 caf\u00e9. El porcentaje seguro era a\u00fan mayor\u201d.<\/p>\n\n\n\n<p>Adem\u00e1s, sum\u00f3 que cuando estaba en el hospital, a la espera de ingresar a la morgue para reconocer a sus hijos, una de las enfermeras le cont\u00f3 que Orrico se baj\u00f3 por su propio medio del auto, hizo una llamada y subi\u00f3 consciente a la ambulancia.<\/p>\n\n\n\n<p>\u201cAprend\u00ed a leer el C\u00f3digo Penal, algo de la que no soy profesional, pero s\u00ed yo me quedo llorando a mis hijos en mi dormitorio no habr\u00e1 justicia para ellos. Eso es lo que me mantiene de pie, seguir peleando\u201d, expres\u00f3 con angustia.<\/p>\n\n\n\n<p>En las \u00faltimas semanas Lorena denunci\u00f3 que le dieron varios permisos a Orrico para que vaya hasta Escobar y asistir a actos de sus hijos o para visitar a un m\u00e9dico: \u201c\u00c9l sigue en libertad, con beneficios, mientras que mis hijos no tienen derecho a elegir d\u00f3nde ir\u201d.<\/p>\n\n\n\n<p>Otra de las irregularidades que present\u00f3 es que durante meses la causa estuvo sin juez: \u201cTuve que hacer una manifestaci\u00f3n a la explanada de Tribunales para que despu\u00e9s nombren a Dar\u00edo Crespo\u201d.<\/p>\n\n\n\n<p>Respecto a si existi\u00f3 un acercamiento por parte del ex funcionario, Lorena destac\u00f3: \u201cLo \u00fanico que nos hizo es llegar, por parte de su abogado, es una propuesta econ\u00f3mica, que si nosotros acept\u00e1bamos \u00e9l nos ped\u00eda a cambio que arreglemos un juicio abreviado para que vaya a prisi\u00f3n domiciliaria\u201d.<\/p>\n\n\n\n<p>\u201cNo aceptamos y eso que a nosotros la plata nos ven\u00eda bien porque somos trabajadores y en mi caso hay que cuidar a ni\u00f1os que quedaron solos por las muertes de sus pap\u00e1s\u201d, a\u00f1adi\u00f3 a este medio.<\/p>\n\n\n\n<p><\/p>\n\n\n\n<figure class=\"wp-block-image size-large\"><img loading=\"lazy\" decoding=\"async\" width=\"1024\" height=\"683\" src=\"https:\/\/impactodenoticias.com.ar\/wp-content\/uploads\/2025\/06\/Auto-Oficial-Juan-Orrico-1024x683.webp\" alt=\"\" class=\"wp-image-13978\" srcset=\"https:\/\/impactodenoticias.com.ar\/wp-content\/uploads\/2025\/06\/Auto-Oficial-Juan-Orrico-1024x683.webp 1024w, https:\/\/impactodenoticias.com.ar\/wp-content\/uploads\/2025\/06\/Auto-Oficial-Juan-Orrico-300x200.webp 300w, https:\/\/impactodenoticias.com.ar\/wp-content\/uploads\/2025\/06\/Auto-Oficial-Juan-Orrico-768x512.webp 768w, https:\/\/impactodenoticias.com.ar\/wp-content\/uploads\/2025\/06\/Auto-Oficial-Juan-Orrico.webp 1080w\" sizes=\"auto, (max-width: 1024px) 100vw, 1024px\" \/><\/figure>\n\n\n\n<p><\/p>\n\n\n\n<p>El caso fue elevado a juicio, pero no con la caratula que hab\u00edan solicitado, que es la de dolo eventual: \u201cLa misma se encuentra ahora titulada como homicidio simple, que va de tres a seis a\u00f1os de prisi\u00f3n. Mat\u00f3 cuatro chicos que iban a trabajar, estaba alcoholizado y conduc\u00eda a alta velocidad un auto del Estado\u201d.<\/p>\n\n\n\n<p>\u201cEstamos yendo contra algo grand\u00edsimo y si yo me quedo brazos cruzados no voy a tener justicia para mis hijos. No me he permitido hacer el duelo y te puedo asegurar que esto es desgastante, emocional y econ\u00f3micamente\u201d, subray\u00f3 con dolor Lorena.<\/p>\n\n\n\n<p>A un a\u00f1o del hecho, este viernes 20 de junio realizaron un homenaje para recordar a los hermanos Izaguirre, a Rossi y Almada.<\/p>\n\n\n\n<p>\u201cSe hizo una misa en San Jos\u00e9 de Obrero y de ah\u00ed fuimos al cementerio. A la tarde nos trasladamos hasta el lugar del accidente, sobre la ruta 39, en el kil\u00f3metro 223, donde se pintaron estrellas amarillas, se descubri\u00f3 una placa y se bendijeron las cruces con sus nombres\u201d, cont\u00f3. Por Micaela Cendra para NA.<\/p>\n","protected":false},"excerpt":{"rendered":"<p>Un a&ntilde;o se cumpli&oacute; del accidente fatal en el que ex funcionario Juan Orrico choc&oacute; y mat&oacute; a cuatro j&oacute;venes que iban a trabajar en la provincia de Entre R&iacute;os en la madrugada del 20 de junio de 2024. Se supo que conduc&iacute;a bajo los efectos del alcohol y a alta velocidad. En medio del [&hellip;]<\/p>\n","protected":false},"author":2,"featured_media":13979,"comment_status":"open","ping_status":"open","sticky":false,"template":"","format":"standard","meta":{"footnotes":""},"categories":[90,4],"tags":[120,5399,119,5398,5400,189],"class_list":["post-13976","post","type-post","status-publish","format-standard","has-post-thumbnail","hentry","category-judicial","category-provinciales","tag-accidente","tag-brian-izaguirre","tag-fatal","tag-juan-orrico","tag-lucas-izaguirre","tag-vial"],"_links":{"self":[{"href":"https:\/\/impactodenoticias.com.ar\/index.php?rest_route=\/wp\/v2\/posts\/13976","targetHints":{"allow":["GET"]}}],"collection":[{"href":"https:\/\/impactodenoticias.com.ar\/index.php?rest_route=\/wp\/v2\/posts"}],"about":[{"href":"https:\/\/impactodenoticias.com.ar\/index.php?rest_route=\/wp\/v2\/types\/post"}],"author":[{"embeddable":true,"href":"https:\/\/impactodenoticias.com.ar\/index.php?rest_route=\/wp\/v2\/users\/2"}],"replies":[{"embeddable":true,"href":"https:\/\/impactodenoticias.com.ar\/index.php?rest_route=%2Fwp%2Fv2%2Fcomments&post=13976"}],"version-history":[{"count":1,"href":"https:\/\/impactodenoticias.com.ar\/index.php?rest_route=\/wp\/v2\/posts\/13976\/revisions"}],"predecessor-version":[{"id":13980,"href":"https:\/\/impactodenoticias.com.ar\/index.php?rest_route=\/wp\/v2\/posts\/13976\/revisions\/13980"}],"wp:featuredmedia":[{"embeddable":true,"href":"https:\/\/impactodenoticias.com.ar\/index.php?rest_route=\/wp\/v2\/media\/13979"}],"wp:attachment":[{"href":"https:\/\/impactodenoticias.com.ar\/index.php?rest_route=%2Fwp%2Fv2%2Fmedia&parent=13976"}],"wp:term":[{"taxonomy":"category","embeddable":true,"href":"https:\/\/impactodenoticias.com.ar\/index.php?rest_route=%2Fwp%2Fv2%2Fcategories&post=13976"},{"taxonomy":"post_tag","embeddable":true,"href":"https:\/\/impactodenoticias.com.ar\/index.php?rest_route=%2Fwp%2Fv2%2Ftags&post=13976"}],"curies":[{"name":"wp","href":"https:\/\/api.w.org\/{rel}","templated":true}]}}