{"id":13999,"date":"2025-06-23T09:56:03","date_gmt":"2025-06-23T12:56:03","guid":{"rendered":"https:\/\/impactodenoticias.com.ar\/?p=13999"},"modified":"2025-06-23T09:56:03","modified_gmt":"2025-06-23T12:56:03","slug":"ruta-20-joven-conductor-despisto-y-tuvo-que-ser-hospitalizado","status":"publish","type":"post","link":"https:\/\/impactodenoticias.com.ar\/?p=13999","title":{"rendered":"Ruta 20: joven conductor despist\u00f3 y tuvo que ser hospitalizado"},"content":{"rendered":"\n<h2 class=\"wp-block-heading\">Personal de la Comisar\u00eda Gilbert recibi\u00f3 un llamado que indicaba sobre el despiste de un veh\u00edculo en la Ruta Provincial 20, a la altura del acceso a Escri\u00f1a, en horas de la noche del domingo.<\/h2>\n\n\n\n<p>R\u00e1pidamente, efectivos de la Comisar\u00eda Urdinarrain, a cargo del Subcomisario Gustavo Cuevas, arribaron al lugar del accidente vial. All\u00ed constataron a un veh\u00edculo Toyota Etios detenido sobre la banquina izquierda, en sentido Urdinarrain-Escri\u00f1a, apoyado sobre una boca de alcantarillado.<\/p>\n\n\n\n<p><\/p>\n\n\n\n<figure class=\"wp-block-image size-full\"><img loading=\"lazy\" decoding=\"async\" width=\"746\" height=\"433\" src=\"https:\/\/impactodenoticias.com.ar\/wp-content\/uploads\/2025\/06\/Ruta-20-despiste-heridos.png\" alt=\"\" class=\"wp-image-14000\" srcset=\"https:\/\/impactodenoticias.com.ar\/wp-content\/uploads\/2025\/06\/Ruta-20-despiste-heridos.png 746w, https:\/\/impactodenoticias.com.ar\/wp-content\/uploads\/2025\/06\/Ruta-20-despiste-heridos-300x174.png 300w\" sizes=\"auto, (max-width: 746px) 100vw, 746px\" \/><\/figure>\n\n\n\n<p><\/p>\n\n\n\n<p>El rodado presentaba da\u00f1os en la puerta y el guardabarros trasero izquierdo. Al lado del veh\u00edculo se encontraba un joven de 25 a\u00f1os, vecino de Urdinarrain. Seg\u00fan relat\u00f3, ven\u00eda de compartir una cena con amigos y no sab\u00eda con exactitud d\u00f3nde se encontraba.<\/p>\n\n\n\n<p>Se solicit\u00f3 una ambulancia, que lo traslad\u00f3 al hospital \u201cManuel Belgrano\u201d de Urdinarrain. Seg\u00fan informaci\u00f3n recabada por medios locales, el joven presentaba un corte en el cuero cabelludo.<\/p>\n\n\n\n<p>Minutos m\u00e1s tarde una gr\u00faa se hizo presente en el lugar para trasladar el veh\u00edculo siniestrado.<\/p>\n","protected":false},"excerpt":{"rendered":"<p>Personal de la Comisar&iacute;a Gilbert recibi&oacute; un llamado que indicaba sobre el despiste de un veh&iacute;culo en la Ruta Provincial 20, a la altura del acceso a Escri&ntilde;a, en horas de la noche del domingo. R&aacute;pidamente, efectivos de la Comisar&iacute;a Urdinarrain, a cargo del Subcomisario Gustavo Cuevas, arribaron al lugar del accidente vial. All&iacute; constataron [&hellip;]<\/p>\n","protected":false},"author":2,"featured_media":14001,"comment_status":"open","ping_status":"open","sticky":false,"template":"","format":"standard","meta":{"footnotes":""},"categories":[8,4],"tags":[120,389,137,1204,1221],"class_list":["post-13999","post","type-post","status-publish","format-standard","has-post-thumbnail","hentry","category-policiales","category-provinciales","tag-accidente","tag-herido","tag-joven","tag-ruta-20","tag-urdinarrain"],"_links":{"self":[{"href":"https:\/\/impactodenoticias.com.ar\/index.php?rest_route=\/wp\/v2\/posts\/13999","targetHints":{"allow":["GET"]}}],"collection":[{"href":"https:\/\/impactodenoticias.com.ar\/index.php?rest_route=\/wp\/v2\/posts"}],"about":[{"href":"https:\/\/impactodenoticias.com.ar\/index.php?rest_route=\/wp\/v2\/types\/post"}],"author":[{"embeddable":true,"href":"https:\/\/impactodenoticias.com.ar\/index.php?rest_route=\/wp\/v2\/users\/2"}],"replies":[{"embeddable":true,"href":"https:\/\/impactodenoticias.com.ar\/index.php?rest_route=%2Fwp%2Fv2%2Fcomments&post=13999"}],"version-history":[{"count":1,"href":"https:\/\/impactodenoticias.com.ar\/index.php?rest_route=\/wp\/v2\/posts\/13999\/revisions"}],"predecessor-version":[{"id":14002,"href":"https:\/\/impactodenoticias.com.ar\/index.php?rest_route=\/wp\/v2\/posts\/13999\/revisions\/14002"}],"wp:featuredmedia":[{"embeddable":true,"href":"https:\/\/impactodenoticias.com.ar\/index.php?rest_route=\/wp\/v2\/media\/14001"}],"wp:attachment":[{"href":"https:\/\/impactodenoticias.com.ar\/index.php?rest_route=%2Fwp%2Fv2%2Fmedia&parent=13999"}],"wp:term":[{"taxonomy":"category","embeddable":true,"href":"https:\/\/impactodenoticias.com.ar\/index.php?rest_route=%2Fwp%2Fv2%2Fcategories&post=13999"},{"taxonomy":"post_tag","embeddable":true,"href":"https:\/\/impactodenoticias.com.ar\/index.php?rest_route=%2Fwp%2Fv2%2Ftags&post=13999"}],"curies":[{"name":"wp","href":"https:\/\/api.w.org\/{rel}","templated":true}]}}