{"id":14003,"date":"2025-06-26T11:11:36","date_gmt":"2025-06-26T14:11:36","guid":{"rendered":"https:\/\/impactodenoticias.com.ar\/?p=14003"},"modified":"2025-06-26T11:11:37","modified_gmt":"2025-06-26T14:11:37","slug":"grave-situacion-en-san-salvador-la-policia-hallo-esta-madrugada-a-un-nino-que-se-habia-escapado-de-la-casa","status":"publish","type":"post","link":"https:\/\/impactodenoticias.com.ar\/?p=14003","title":{"rendered":"Grave situaci\u00f3n en San Salvador: la Polic\u00eda hall\u00f3 esta madrugada a un ni\u00f1o que se hab\u00eda escapado de la casa"},"content":{"rendered":"\n<h2 class=\"wp-block-heading\">En horas de la madrugada de este jueves, la Sala de Comando de la ciudad de San Salvador recibi\u00f3 un mensaje de texto de la mam\u00e1 del ni\u00f1o que pidi\u00f3 la urgente localizaci\u00f3n de su hijo menor de edad.<\/h2>\n\n\n\n<p>Seg\u00fan relat\u00f3, luego de mantener una discusi\u00f3n con su madre, el ni\u00f1o se ausent\u00f3 de su domicilio en la ciudad de San Salvador y no lo encontraban.<\/p>\n\n\n\n<p>R\u00e1pidamente se activ\u00f3 el protocolo de b\u00fasqueda e intervino el personal de las distintas divisiones de la Jefatura San Salvador, que realiz\u00f3 entrevistas en distintos puntos de esta ciudad.<\/p>\n\n\n\n<p>De este modo finalmente se logr\u00f3 hallar al menor en avenida Malar\u00edn. Fue trasladado a la Comisar\u00eda de Minoridad y Violencia Familiar para ser examinado por m\u00e9dico policial y restituido a su hogar.<\/p>\n\n\n\n<p>Intervino tambi\u00e9n personal de ANAF y con conocimiento de la Unidad Fiscal San Salvador.<\/p>\n","protected":false},"excerpt":{"rendered":"<p>En horas de la madrugada de este jueves, la Sala de Comando de la ciudad de San Salvador recibi&oacute; un mensaje de texto de la mam&aacute; del ni&ntilde;o que pidi&oacute; la urgente localizaci&oacute;n de su hijo menor de edad. Seg&uacute;n relat&oacute;, luego de mantener una discusi&oacute;n con su madre, el ni&ntilde;o se ausent&oacute; de su [&hellip;]<\/p>\n","protected":false},"author":2,"featured_media":14004,"comment_status":"open","ping_status":"open","sticky":false,"template":"","format":"standard","meta":{"footnotes":""},"categories":[8,4],"tags":[251,4349,639],"class_list":["post-14003","post","type-post","status-publish","format-standard","has-post-thumbnail","hentry","category-policiales","category-provinciales","tag-busqueda","tag-nene","tag-san-salvador"],"_links":{"self":[{"href":"https:\/\/impactodenoticias.com.ar\/index.php?rest_route=\/wp\/v2\/posts\/14003","targetHints":{"allow":["GET"]}}],"collection":[{"href":"https:\/\/impactodenoticias.com.ar\/index.php?rest_route=\/wp\/v2\/posts"}],"about":[{"href":"https:\/\/impactodenoticias.com.ar\/index.php?rest_route=\/wp\/v2\/types\/post"}],"author":[{"embeddable":true,"href":"https:\/\/impactodenoticias.com.ar\/index.php?rest_route=\/wp\/v2\/users\/2"}],"replies":[{"embeddable":true,"href":"https:\/\/impactodenoticias.com.ar\/index.php?rest_route=%2Fwp%2Fv2%2Fcomments&post=14003"}],"version-history":[{"count":1,"href":"https:\/\/impactodenoticias.com.ar\/index.php?rest_route=\/wp\/v2\/posts\/14003\/revisions"}],"predecessor-version":[{"id":14005,"href":"https:\/\/impactodenoticias.com.ar\/index.php?rest_route=\/wp\/v2\/posts\/14003\/revisions\/14005"}],"wp:featuredmedia":[{"embeddable":true,"href":"https:\/\/impactodenoticias.com.ar\/index.php?rest_route=\/wp\/v2\/media\/14004"}],"wp:attachment":[{"href":"https:\/\/impactodenoticias.com.ar\/index.php?rest_route=%2Fwp%2Fv2%2Fmedia&parent=14003"}],"wp:term":[{"taxonomy":"category","embeddable":true,"href":"https:\/\/impactodenoticias.com.ar\/index.php?rest_route=%2Fwp%2Fv2%2Fcategories&post=14003"},{"taxonomy":"post_tag","embeddable":true,"href":"https:\/\/impactodenoticias.com.ar\/index.php?rest_route=%2Fwp%2Fv2%2Ftags&post=14003"}],"curies":[{"name":"wp","href":"https:\/\/api.w.org\/{rel}","templated":true}]}}