{"id":14016,"date":"2025-06-26T12:12:21","date_gmt":"2025-06-26T15:12:21","guid":{"rendered":"https:\/\/impactodenoticias.com.ar\/?p=14016"},"modified":"2025-06-27T09:43:44","modified_gmt":"2025-06-27T12:43:44","slug":"entre-rios-judiciales-se-declaran-en-alerta-tras-el-congelamiento-de-sueldo-a-funcionarios-en-la-provincia","status":"publish","type":"post","link":"https:\/\/impactodenoticias.com.ar\/?p=14016","title":{"rendered":"Entre R\u00edos: Judiciales se declaran en alerta tras el congelamiento de sueldo a funcionarios en la Provincia"},"content":{"rendered":"\n<h2 class=\"wp-block-heading\">La comisi\u00f3n directiva de la Asociaci\u00f3n Judicial de Entre R\u00edos (AJER), declar\u00f3 el estado de alerta y movilizaci\u00f3n despu\u00e9s que el Gobierno de la Provincia emitiera el Decreto 1391\/25 que dispuso el congelamiento de sueldos de \u201cfuncionarios y personal fuera de escalaf\u00f3n del sector p\u00fablico provincial\u201d a partir del 1\u00b0 de julio pr\u00f3ximo y la invitaci\u00f3n a los poderes Judicial y Legislativo a adherir a la medida.<\/h2>\n\n\n\n<p>La AJER comunic\u00f3 que comenz\u00f3 \u201ctodas las gestiones necesarias para evitar la aplicaci\u00f3n de esta medida en el \u00e1mbito del Poder Judicial\u201d.<\/p>\n\n\n\n<p>En la Provincia rige la Ley N\u00ba 10.068 \u201cde Enganche\u201d, que ata los aumentos salariales de los empleados judiciales entrerrianos a los que dispone la Corte Suprema para los del Poder Judicial Nacional.<\/p>\n\n\n\n<p>A trav\u00e9s de un decreto firmado por el ministro de Hacienda y Finanzas, Fabi\u00e1n Boleas, y el ministro de Gobierno y Trabajo, Manuel Troncoso, el gobierno entrerriano defini\u00f3 suspender, a partir del 1\u00b0 de julio del corriente a\u00f1o, \u201ctoda actualizaci\u00f3n de haberes, salarios y cualquier otro concepto que integre la remuneraci\u00f3n de los funcionarios y del personal fuera de escalaf\u00f3n del Sector P\u00fablico Provincial, comprendido en la Administraci\u00f3n Central y Descentralizada, entes aut\u00e1rquicos y aut\u00f3nomos, as\u00ed como de las sociedades y empresas del Estado\u201d.<\/p>\n\n\n\n<p>La medida se dispuso en el marco de la pol\u00edtica de ajuste que viene impactando en el sector p\u00fablico, con el recorte de horas extras y la no renovaci\u00f3n de suplencias.<\/p>\n","protected":false},"excerpt":{"rendered":"<p>La comisi&oacute;n directiva de la Asociaci&oacute;n Judicial de Entre R&iacute;os (AJER), declar&oacute; el estado de alerta y movilizaci&oacute;n despu&eacute;s que el Gobierno de la Provincia emitiera el Decreto 1391\/25 que dispuso el congelamiento de sueldos de &ldquo;funcionarios y personal fuera de escalaf&oacute;n del sector p&uacute;blico provincial&rdquo; a partir del 1&deg; de julio pr&oacute;ximo y la [&hellip;]<\/p>\n","protected":false},"author":2,"featured_media":14017,"comment_status":"open","ping_status":"open","sticky":false,"template":"","format":"standard","meta":{"footnotes":""},"categories":[91,11,4],"tags":[1613,33,2619,5407,790],"class_list":["post-14016","post","type-post","status-publish","format-standard","has-post-thumbnail","hentry","category-gremiales","category-politica","category-provinciales","tag-alerta","tag-entre-rios","tag-funcionarios","tag-judiciales","tag-sueldos"],"_links":{"self":[{"href":"https:\/\/impactodenoticias.com.ar\/index.php?rest_route=\/wp\/v2\/posts\/14016","targetHints":{"allow":["GET"]}}],"collection":[{"href":"https:\/\/impactodenoticias.com.ar\/index.php?rest_route=\/wp\/v2\/posts"}],"about":[{"href":"https:\/\/impactodenoticias.com.ar\/index.php?rest_route=\/wp\/v2\/types\/post"}],"author":[{"embeddable":true,"href":"https:\/\/impactodenoticias.com.ar\/index.php?rest_route=\/wp\/v2\/users\/2"}],"replies":[{"embeddable":true,"href":"https:\/\/impactodenoticias.com.ar\/index.php?rest_route=%2Fwp%2Fv2%2Fcomments&post=14016"}],"version-history":[{"count":1,"href":"https:\/\/impactodenoticias.com.ar\/index.php?rest_route=\/wp\/v2\/posts\/14016\/revisions"}],"predecessor-version":[{"id":14018,"href":"https:\/\/impactodenoticias.com.ar\/index.php?rest_route=\/wp\/v2\/posts\/14016\/revisions\/14018"}],"wp:featuredmedia":[{"embeddable":true,"href":"https:\/\/impactodenoticias.com.ar\/index.php?rest_route=\/wp\/v2\/media\/14017"}],"wp:attachment":[{"href":"https:\/\/impactodenoticias.com.ar\/index.php?rest_route=%2Fwp%2Fv2%2Fmedia&parent=14016"}],"wp:term":[{"taxonomy":"category","embeddable":true,"href":"https:\/\/impactodenoticias.com.ar\/index.php?rest_route=%2Fwp%2Fv2%2Fcategories&post=14016"},{"taxonomy":"post_tag","embeddable":true,"href":"https:\/\/impactodenoticias.com.ar\/index.php?rest_route=%2Fwp%2Fv2%2Ftags&post=14016"}],"curies":[{"name":"wp","href":"https:\/\/api.w.org\/{rel}","templated":true}]}}