{"id":14019,"date":"2025-06-26T20:49:33","date_gmt":"2025-06-26T23:49:33","guid":{"rendered":"https:\/\/impactodenoticias.com.ar\/?p=14019"},"modified":"2025-06-27T09:43:40","modified_gmt":"2025-06-27T12:43:40","slug":"encontraron-muerto-al-joven-que-era-buscado-en-crespo","status":"publish","type":"post","link":"https:\/\/impactodenoticias.com.ar\/?p=14019","title":{"rendered":"Encontraron muerto al joven que era buscado en Crespo"},"content":{"rendered":"\n<h2 class=\"wp-block-heading\">La Unidad Fiscal de Ni\u00f1os, Ni\u00f1as y Adolescentes de Paran\u00e1 solicita colaboraci\u00f3n para localizar a Nicol\u00e1s Alejandro Gervasoni, de 26 a\u00f1os, quien ayer se retir\u00f3 de su casa, en la ciudad de Crespo.<\/h2>\n\n\n\n<p>Desde la Unidad Fiscal de Ni\u00f1os Ni\u00f1as y Adolescentes de Paran\u00e1 comunicaron, que el joven Nicol\u00e1s Alejandro Gervasoni fue hallado sin vida en un campo de localidad de Crespo y tom\u00f3 inmediata intervenci\u00f3n el Fiscal de Delitos Complejos, quien comision\u00f3 al m\u00e9dico forense para realizar la autopsia correspondiente. Se cree que estar\u00eda ser\u00eda un caso de una autodeterminaci\u00f3n. El fiscal Laureano Dato se encuentra cargo de la investigaci\u00f3n.<\/p>\n\n\n\n<p>Caben se\u00f1alar que Gervasoni ten\u00eda 26 a\u00f1os, era Oficial Ayudante de la Polic\u00eda de Entre R\u00edos, y se encontraba prestando servicios en la Divisi\u00f3n Guardia de Infanter\u00eda Adiestrada. El joven era oriundo de la localidad pace\u00f1a de Bovril, desde hac\u00eda algunos meses, por razones sentimentales el funcionario hab\u00eda elegido esta ciudad para radicarse.<\/p>\n\n\n\n<p>Seg\u00fan informaron medios locales, la pareja del polic\u00eda fue quien formaliz\u00f3 el pedido de localizaci\u00f3n en la ma\u00f1ana de este jueves 26 de junio, aunque hab\u00eda dejado de tener contacto con \u00e9l desde el mediod\u00eda del 25 de junio.<\/p>\n\n\n\n<p>Tras la denuncia se realizaron diversas averiguaciones y tareas de campo.<\/p>\n\n\n\n<p>En el lugar se hizo presente el Jefe de Polic\u00eda de la Provincia de Entre R\u00edos, Claudio Gonz\u00e1lez. Adem\u00e1s, se llevaron adelante las diligencias de rigor, seg\u00fan los pedidos de la Fiscal\u00eda interviniente, en el marco de las actuaciones para determinar las formas y circunstancias del deceso de Gervasoni.<\/p>\n\n\n\n<p>Noticia en desarrollo\u2026<\/p>\n","protected":false},"excerpt":{"rendered":"<p>La Unidad Fiscal de Ni&ntilde;os, Ni&ntilde;as y Adolescentes de Paran&aacute; solicita colaboraci&oacute;n para localizar a Nicol&aacute;s Alejandro Gervasoni, de 26 a&ntilde;os, quien ayer se retir&oacute; de su casa, en la ciudad de Crespo. Desde la Unidad Fiscal de Ni&ntilde;os Ni&ntilde;as y Adolescentes de Paran&aacute; comunicaron, que el joven Nicol&aacute;s Alejandro Gervasoni fue hallado sin vida [&hellip;]<\/p>\n","protected":false},"author":2,"featured_media":14020,"comment_status":"open","ping_status":"open","sticky":false,"template":"","format":"standard","meta":{"footnotes":""},"categories":[3,8],"tags":[337,457,5408],"class_list":["post-14019","post","type-post","status-publish","format-standard","has-post-thumbnail","hentry","category-locales","category-policiales","tag-crespo","tag-muerto","tag-nicolas-gervasoni"],"_links":{"self":[{"href":"https:\/\/impactodenoticias.com.ar\/index.php?rest_route=\/wp\/v2\/posts\/14019","targetHints":{"allow":["GET"]}}],"collection":[{"href":"https:\/\/impactodenoticias.com.ar\/index.php?rest_route=\/wp\/v2\/posts"}],"about":[{"href":"https:\/\/impactodenoticias.com.ar\/index.php?rest_route=\/wp\/v2\/types\/post"}],"author":[{"embeddable":true,"href":"https:\/\/impactodenoticias.com.ar\/index.php?rest_route=\/wp\/v2\/users\/2"}],"replies":[{"embeddable":true,"href":"https:\/\/impactodenoticias.com.ar\/index.php?rest_route=%2Fwp%2Fv2%2Fcomments&post=14019"}],"version-history":[{"count":2,"href":"https:\/\/impactodenoticias.com.ar\/index.php?rest_route=\/wp\/v2\/posts\/14019\/revisions"}],"predecessor-version":[{"id":14022,"href":"https:\/\/impactodenoticias.com.ar\/index.php?rest_route=\/wp\/v2\/posts\/14019\/revisions\/14022"}],"wp:featuredmedia":[{"embeddable":true,"href":"https:\/\/impactodenoticias.com.ar\/index.php?rest_route=\/wp\/v2\/media\/14020"}],"wp:attachment":[{"href":"https:\/\/impactodenoticias.com.ar\/index.php?rest_route=%2Fwp%2Fv2%2Fmedia&parent=14019"}],"wp:term":[{"taxonomy":"category","embeddable":true,"href":"https:\/\/impactodenoticias.com.ar\/index.php?rest_route=%2Fwp%2Fv2%2Fcategories&post=14019"},{"taxonomy":"post_tag","embeddable":true,"href":"https:\/\/impactodenoticias.com.ar\/index.php?rest_route=%2Fwp%2Fv2%2Ftags&post=14019"}],"curies":[{"name":"wp","href":"https:\/\/api.w.org\/{rel}","templated":true}]}}