{"id":1402,"date":"2024-07-22T20:29:52","date_gmt":"2024-07-22T23:29:52","guid":{"rendered":"https:\/\/impactodenoticias.com.ar\/?p=1402"},"modified":"2024-07-22T20:29:53","modified_gmt":"2024-07-22T23:29:53","slug":"concordia-parte-medico-de-la-nena-que-choco-la-cabeza-con-un-puente","status":"publish","type":"post","link":"https:\/\/impactodenoticias.com.ar\/?p=1402","title":{"rendered":"Concordia: parte m\u00e9dico de la nena que choc\u00f3 la cabeza con un puente"},"content":{"rendered":"\n<p><strong>Una ni\u00f1a de 11 a\u00f1os ingres\u00f3 al Hospital Delicia Concepci\u00f3n Masvernat de Concordia, tras sufrir un tremendo golpe en su cabeza.<\/strong><\/p>\n\n\n\n<p>La nena viajaba en la caja de una camioneta y choc\u00f3 su cr\u00e1neo con un puente a\u00e9reo ubicado sobre calle Cortada Sandalio L\u00f3pez entre Alvear y Laprida, en la zona sur de la ciudad.<\/p>\n\n\n\n<p>Este mediod\u00eda, desde el nosocomio brindaron detalles del estado de salud de la ni\u00f1a. Seg\u00fan informaron, puede movilizar los cuatros miembros y evoluciona favorablemente del trauma de cr\u00e1neo, que de todos modos sigue siendo moderado. Tiene una herida cortante en el cuero cabelludo, que no reviste gravedad, y no posee lesiones intracraneanas traum\u00e1ticas. Seg\u00fan el reporte m\u00e9dico, al que accedi\u00f3<strong> IMPACTO DE NOTICIAS<\/strong>, no hay indicaci\u00f3n por el momento de ning\u00fan tratamiento neuroquir\u00fargico.<\/p>\n\n\n\n<p>la menor permanece internada en la Unidad de Terapia Intensiva (UTI) pedi\u00e1trica del hospital.<\/p>\n","protected":false},"excerpt":{"rendered":"<p>Una ni&ntilde;a de 11 a&ntilde;os ingres&oacute; al Hospital Delicia Concepci&oacute;n Masvernat de Concordia, tras sufrir un tremendo golpe en su cabeza. La nena viajaba en la caja de una camioneta y choc&oacute; su cr&aacute;neo con un puente a&eacute;reo ubicado sobre calle Cortada Sandalio L&oacute;pez entre Alvear y Laprida, en la zona sur de la ciudad. [&hellip;]<\/p>\n","protected":false},"author":2,"featured_media":1403,"comment_status":"open","ping_status":"open","sticky":false,"template":"","format":"standard","meta":{"footnotes":""},"categories":[8,4],"tags":[72,711,141,705,142,708,499,707,706],"class_list":["post-1402","post","type-post","status-publish","format-standard","has-post-thumbnail","hentry","category-policiales","category-provinciales","tag-concordia","tag-diario","tag-hospital","tag-impacto","tag-masvernat","tag-medico","tag-nena","tag-parte","tag-puente"],"_links":{"self":[{"href":"https:\/\/impactodenoticias.com.ar\/index.php?rest_route=\/wp\/v2\/posts\/1402","targetHints":{"allow":["GET"]}}],"collection":[{"href":"https:\/\/impactodenoticias.com.ar\/index.php?rest_route=\/wp\/v2\/posts"}],"about":[{"href":"https:\/\/impactodenoticias.com.ar\/index.php?rest_route=\/wp\/v2\/types\/post"}],"author":[{"embeddable":true,"href":"https:\/\/impactodenoticias.com.ar\/index.php?rest_route=\/wp\/v2\/users\/2"}],"replies":[{"embeddable":true,"href":"https:\/\/impactodenoticias.com.ar\/index.php?rest_route=%2Fwp%2Fv2%2Fcomments&post=1402"}],"version-history":[{"count":1,"href":"https:\/\/impactodenoticias.com.ar\/index.php?rest_route=\/wp\/v2\/posts\/1402\/revisions"}],"predecessor-version":[{"id":1404,"href":"https:\/\/impactodenoticias.com.ar\/index.php?rest_route=\/wp\/v2\/posts\/1402\/revisions\/1404"}],"wp:featuredmedia":[{"embeddable":true,"href":"https:\/\/impactodenoticias.com.ar\/index.php?rest_route=\/wp\/v2\/media\/1403"}],"wp:attachment":[{"href":"https:\/\/impactodenoticias.com.ar\/index.php?rest_route=%2Fwp%2Fv2%2Fmedia&parent=1402"}],"wp:term":[{"taxonomy":"category","embeddable":true,"href":"https:\/\/impactodenoticias.com.ar\/index.php?rest_route=%2Fwp%2Fv2%2Fcategories&post=1402"},{"taxonomy":"post_tag","embeddable":true,"href":"https:\/\/impactodenoticias.com.ar\/index.php?rest_route=%2Fwp%2Fv2%2Ftags&post=1402"}],"curies":[{"name":"wp","href":"https:\/\/api.w.org\/{rel}","templated":true}]}}