{"id":14032,"date":"2025-06-27T09:43:15","date_gmt":"2025-06-27T12:43:15","guid":{"rendered":"https:\/\/impactodenoticias.com.ar\/?p=14032"},"modified":"2025-06-28T18:00:57","modified_gmt":"2025-06-28T21:00:57","slug":"parana-buscan-intensamente-a-una-joven-de-20-anos","status":"publish","type":"post","link":"https:\/\/impactodenoticias.com.ar\/?p=14032","title":{"rendered":"Paran\u00e1: buscan intensamente a una joven de 20 a\u00f1os"},"content":{"rendered":"\n<h2 class=\"wp-block-heading\">Familiares de Ingrid Ver\u00f3nica Mariela Brites, de 20 a\u00f1os, mantuvieron el \u00faltimo contacto con ella este jueves y solicitan colaboraci\u00f3n a la ciudadan\u00eda para ubicarla.<\/h2>\n\n\n\n<p>Desde la Unidad Fiscal de Ni\u00f1os, Ni\u00f1as y Adolescentes de Paran\u00e1 se pde la colaboraci\u00f3n de la poblaci\u00f3n con el fin de dar con el paradero de Ingrid Ver\u00f3nica Mariela Brites, de 20 a\u00f1os, quien este jueves a las 17:15 se habr\u00eda retirado de su hogar en barrio Alloatti hacia el centro de salud Ram\u00f3n Carrillo, de calles Montiel e Ituzaing\u00f3 en el barrio San Agust\u00edn. Siendo esta la \u00faltima vez que se tuvo comunicaci\u00f3n con la joven.<\/p>\n\n\n\n<p>Brites vest\u00eda al momento de desaparecer una campera gris, top color negro con mangas largas, pantal\u00f3n de jeans color negro, zapatillas urbanas negras, cinto negro, ten\u00eda el pelo atado con una colita color blanca y llevaba una mochila rosada. Es de contextura delgada, su altura es de 1,55 metros aproximadamente, tiene cutis blanco, ojos marrones y suele llevar colocados varios anillos en sus manos.<\/p>\n\n\n\n<p>Cualquier informaci\u00f3n sobre el paradero puede suministrarse al 911, a la Mesa de Informaci\u00f3n Permanente del Poder Judicial 0800-444-6372 o comunic\u00e1ndose al tel\u00e9fono de comisar\u00eda 5\u00b0 de Paran\u00e1 343- 4206202.<\/p>\n","protected":false},"excerpt":{"rendered":"<p>Familiares de Ingrid Ver&oacute;nica Mariela Brites, de 20 a&ntilde;os, mantuvieron el &uacute;ltimo contacto con ella este jueves y solicitan colaboraci&oacute;n a la ciudadan&iacute;a para ubicarla. Desde la Unidad Fiscal de Ni&ntilde;os, Ni&ntilde;as y Adolescentes de Paran&aacute; se pde la colaboraci&oacute;n de la poblaci&oacute;n con el fin de dar con el paradero de Ingrid Ver&oacute;nica Mariela [&hellip;]<\/p>\n","protected":false},"author":2,"featured_media":14033,"comment_status":"open","ping_status":"open","sticky":false,"template":"","format":"standard","meta":{"footnotes":""},"categories":[3,8],"tags":[251,5410],"class_list":["post-14032","post","type-post","status-publish","format-standard","has-post-thumbnail","hentry","category-locales","category-policiales","tag-busqueda","tag-ingrid-veronica-mariela-brites"],"_links":{"self":[{"href":"https:\/\/impactodenoticias.com.ar\/index.php?rest_route=\/wp\/v2\/posts\/14032","targetHints":{"allow":["GET"]}}],"collection":[{"href":"https:\/\/impactodenoticias.com.ar\/index.php?rest_route=\/wp\/v2\/posts"}],"about":[{"href":"https:\/\/impactodenoticias.com.ar\/index.php?rest_route=\/wp\/v2\/types\/post"}],"author":[{"embeddable":true,"href":"https:\/\/impactodenoticias.com.ar\/index.php?rest_route=\/wp\/v2\/users\/2"}],"replies":[{"embeddable":true,"href":"https:\/\/impactodenoticias.com.ar\/index.php?rest_route=%2Fwp%2Fv2%2Fcomments&post=14032"}],"version-history":[{"count":1,"href":"https:\/\/impactodenoticias.com.ar\/index.php?rest_route=\/wp\/v2\/posts\/14032\/revisions"}],"predecessor-version":[{"id":14034,"href":"https:\/\/impactodenoticias.com.ar\/index.php?rest_route=\/wp\/v2\/posts\/14032\/revisions\/14034"}],"wp:featuredmedia":[{"embeddable":true,"href":"https:\/\/impactodenoticias.com.ar\/index.php?rest_route=\/wp\/v2\/media\/14033"}],"wp:attachment":[{"href":"https:\/\/impactodenoticias.com.ar\/index.php?rest_route=%2Fwp%2Fv2%2Fmedia&parent=14032"}],"wp:term":[{"taxonomy":"category","embeddable":true,"href":"https:\/\/impactodenoticias.com.ar\/index.php?rest_route=%2Fwp%2Fv2%2Fcategories&post=14032"},{"taxonomy":"post_tag","embeddable":true,"href":"https:\/\/impactodenoticias.com.ar\/index.php?rest_route=%2Fwp%2Fv2%2Ftags&post=14032"}],"curies":[{"name":"wp","href":"https:\/\/api.w.org\/{rel}","templated":true}]}}