{"id":14038,"date":"2025-06-28T17:49:28","date_gmt":"2025-06-28T20:49:28","guid":{"rendered":"https:\/\/impactodenoticias.com.ar\/?p=14038"},"modified":"2025-07-02T09:28:13","modified_gmt":"2025-07-02T12:28:13","slug":"el-gobierno-confirmo-el-cronograma-de-pagos-de-sueldos-y-aguinaldo","status":"publish","type":"post","link":"https:\/\/impactodenoticias.com.ar\/?p=14038","title":{"rendered":"El Gobierno confirm\u00f3 el cronograma de pagos de sueldos y aguinaldo"},"content":{"rendered":"\n<h2 class=\"wp-block-heading\">El cronograma de pagos para los haberes de junio a activos y pasivos de la administraci\u00f3n p\u00fablica provincial se inicia el martes 1 y concluye el 8 de julio. Mientras que entre el 16 y el 18 se abonar\u00e1 el Sueldo Anual Complementario (SAC).<\/h2>\n\n\n\n<p><strong>El cronograma de pagos es el siguiente:<\/strong><\/p>\n\n\n\n<ul class=\"wp-block-list\">\n<li>Martes 1 de julio. Sueldos hasta $ 590.000.<\/li>\n\n\n\n<li>Mi\u00e9rcoles 2 de julio. Sueldos desde $ 590.001 hasta $ 803.000.<\/li>\n\n\n\n<li>Jueves 3 de julio. Sueldos desde $ 803.001 hasta $ 974.000.<\/li>\n\n\n\n<li>Viernes 4 de julio. Sueldos desde $ 974.001 hasta $ 1.250.000.<\/li>\n\n\n\n<li>S\u00e1bado 5 de julio. Sueldos desde $ 1.250.001 hasta $ 1.746.000<\/li>\n\n\n\n<li>Martes 8 de julio Salarios superiores a $ 1.746.001.<\/li>\n<\/ul>\n\n\n\n<p>La acreditaci\u00f3n del Sueldo Anual Complementario est\u00e1 estipulada entre el mi\u00e9rcoles 16 y el viernes 18 de julio.<\/p>\n","protected":false},"excerpt":{"rendered":"<p>El cronograma de pagos para los haberes de junio a activos y pasivos de la administraci&oacute;n p&uacute;blica provincial se inicia el martes 1 y concluye el 8 de julio. Mientras que entre el 16 y el 18 se abonar&aacute; el Sueldo Anual Complementario (SAC). El cronograma de pagos es el siguiente: La acreditaci&oacute;n del Sueldo [&hellip;]<\/p>\n","protected":false},"author":2,"featured_media":14036,"comment_status":"open","ping_status":"open","sticky":false,"template":"","format":"standard","meta":{"footnotes":""},"categories":[11,4],"tags":[5414,320,842,33,5413,2101,559,5415,1128],"class_list":["post-14038","post","type-post","status-publish","format-standard","has-post-thumbnail","hentry","category-politica","category-provinciales","tag-activos","tag-administracion","tag-cronograma","tag-entre-rios","tag-junio","tag-p","tag-pagos","tag-pasivos","tag-publica"],"_links":{"self":[{"href":"https:\/\/impactodenoticias.com.ar\/index.php?rest_route=\/wp\/v2\/posts\/14038","targetHints":{"allow":["GET"]}}],"collection":[{"href":"https:\/\/impactodenoticias.com.ar\/index.php?rest_route=\/wp\/v2\/posts"}],"about":[{"href":"https:\/\/impactodenoticias.com.ar\/index.php?rest_route=\/wp\/v2\/types\/post"}],"author":[{"embeddable":true,"href":"https:\/\/impactodenoticias.com.ar\/index.php?rest_route=\/wp\/v2\/users\/2"}],"replies":[{"embeddable":true,"href":"https:\/\/impactodenoticias.com.ar\/index.php?rest_route=%2Fwp%2Fv2%2Fcomments&post=14038"}],"version-history":[{"count":1,"href":"https:\/\/impactodenoticias.com.ar\/index.php?rest_route=\/wp\/v2\/posts\/14038\/revisions"}],"predecessor-version":[{"id":14040,"href":"https:\/\/impactodenoticias.com.ar\/index.php?rest_route=\/wp\/v2\/posts\/14038\/revisions\/14040"}],"wp:featuredmedia":[{"embeddable":true,"href":"https:\/\/impactodenoticias.com.ar\/index.php?rest_route=\/wp\/v2\/media\/14036"}],"wp:attachment":[{"href":"https:\/\/impactodenoticias.com.ar\/index.php?rest_route=%2Fwp%2Fv2%2Fmedia&parent=14038"}],"wp:term":[{"taxonomy":"category","embeddable":true,"href":"https:\/\/impactodenoticias.com.ar\/index.php?rest_route=%2Fwp%2Fv2%2Fcategories&post=14038"},{"taxonomy":"post_tag","embeddable":true,"href":"https:\/\/impactodenoticias.com.ar\/index.php?rest_route=%2Fwp%2Fv2%2Ftags&post=14038"}],"curies":[{"name":"wp","href":"https:\/\/api.w.org\/{rel}","templated":true}]}}