{"id":14045,"date":"2025-06-28T18:06:56","date_gmt":"2025-06-28T21:06:56","guid":{"rendered":"https:\/\/impactodenoticias.com.ar\/?p=14045"},"modified":"2025-07-02T09:28:05","modified_gmt":"2025-07-02T12:28:05","slug":"el-congreso-de-la-ucr-postergo-el-debate-sobre-una-posible-alianza-con-la-libertad-avanza","status":"publish","type":"post","link":"https:\/\/impactodenoticias.com.ar\/?p=14045","title":{"rendered":"El Congreso de la UCR posterg\u00f3 el debate sobre una posible alianza con La Libertad Avanza"},"content":{"rendered":"\n<h2 class=\"wp-block-heading\">En un congreso partidario llevado adelante este s\u00e1bado en la ciudad de Villaguay, fue electa la nueva Mesa de Conducci\u00f3n del Congreso Provincial de la Uni\u00f3n C\u00edvica Radical.<\/h2>\n\n\n\n<p>Por amplio consenso, fue elegido como presidente el exdiputado nacional y actual Coordinador General de la Unidad Ejecutora Provincial (UEP), Gustavo Cusinato. Lo acompa\u00f1ar\u00e1n en la conducci\u00f3n Gabriela Lena, diputada provincial, como vicepresidenta primera, y Pablo Alasino, Director General de Pol\u00edticas Alimentarias del Ministerio de Desarrollo Humano, como vicepresidente segundo.<\/p>\n\n\n\n<p>La nueva Mesa ampli\u00f3 su integraci\u00f3n de 7 a 13 miembros, para dar lugar a una representaci\u00f3n m\u00e1s amplia de los sectores internos, incluyendo a la Juventud Radical.<\/p>\n\n\n\n<p>En la apertura, la presidenta del Comit\u00e9 Provincial e intendenta de Federal, Alicia Oviedo, valor\u00f3 la masiva participaci\u00f3n de los congresales y la vigencia de la vida democr\u00e1tica partidaria: \u201cHoy la UCR provincial tiene una presencia activa y protag\u00f3nica en el gobierno que encabeza Rogelio Frigerio, impulsando transformaciones profundas que estaban pendientes desde hace d\u00e9cadas\u201d.<\/p>\n\n\n\n<p>\u201cLa participaci\u00f3n de tantos radicales en este Congreso es una muestra de nuestro compromiso con esa tarea y con el fortalecimiento institucional del partido\u00bb, manifest\u00f3.<\/p>\n\n\n\n<p>Se posterg\u00f3 el debate sobre posibles alianzas<\/p>\n\n\n\n<p>Uno de los puntos m\u00e1s destacadpo del encuentro fue el tratamiento de la pol\u00edtica de alianzas. El sector interno UCR Activa propuso discutir y definir este tema en el mismo Congreso. Sin embargo, los sectores Illia, Construir, Evoluci\u00f3n y otros, mocionaron que la pol\u00edtica de alianzas se trate en un pr\u00f3ximo Congreso convocado espec\u00edficamente para tal fin.<\/p>\n\n\n\n<p>La votaci\u00f3n fue contundente: 178 congresales votaron por postergar el tratamiento y 77 lo hicieron a favor de resolverlo en esta jornada.<\/p>\n\n\n\n<p>Luego de asumir la presidencia del Congreso, Cusinato agradeci\u00f3 la confianza de los sectores que lo acompa\u00f1aron y celebr\u00f3 el consenso alcanzado: \u201cHemos logrado conformar una Mesa plural, con representatividad, que renueva el compromiso con la institucionalidad del partido y con el respeto a las distintas expresiones internas. Hoy dimos un paso importante y nos preparamos para debatir con responsabilidad los pr\u00f3ximos desaf\u00edos pol\u00edticos\u00bb, concluy\u00f3.<\/p>\n","protected":false},"excerpt":{"rendered":"<p>En un congreso partidario llevado adelante este s&aacute;bado en la ciudad de Villaguay, fue electa la nueva Mesa de Conducci&oacute;n del Congreso Provincial de la Uni&oacute;n C&iacute;vica Radical. Por amplio consenso, fue elegido como presidente el exdiputado nacional y actual Coordinador General de la Unidad Ejecutora Provincial (UEP), Gustavo Cusinato. Lo acompa&ntilde;ar&aacute;n en la conducci&oacute;n [&hellip;]<\/p>\n","protected":false},"author":2,"featured_media":14046,"comment_status":"open","ping_status":"open","sticky":false,"template":"","format":"standard","meta":{"footnotes":""},"categories":[11,4],"tags":[1811,53,644,216],"class_list":["post-14045","post","type-post","status-publish","format-standard","has-post-thumbnail","hentry","category-politica","category-provinciales","tag-alianza","tag-congreso","tag-libertad-avanza","tag-ucr"],"_links":{"self":[{"href":"https:\/\/impactodenoticias.com.ar\/index.php?rest_route=\/wp\/v2\/posts\/14045","targetHints":{"allow":["GET"]}}],"collection":[{"href":"https:\/\/impactodenoticias.com.ar\/index.php?rest_route=\/wp\/v2\/posts"}],"about":[{"href":"https:\/\/impactodenoticias.com.ar\/index.php?rest_route=\/wp\/v2\/types\/post"}],"author":[{"embeddable":true,"href":"https:\/\/impactodenoticias.com.ar\/index.php?rest_route=\/wp\/v2\/users\/2"}],"replies":[{"embeddable":true,"href":"https:\/\/impactodenoticias.com.ar\/index.php?rest_route=%2Fwp%2Fv2%2Fcomments&post=14045"}],"version-history":[{"count":1,"href":"https:\/\/impactodenoticias.com.ar\/index.php?rest_route=\/wp\/v2\/posts\/14045\/revisions"}],"predecessor-version":[{"id":14047,"href":"https:\/\/impactodenoticias.com.ar\/index.php?rest_route=\/wp\/v2\/posts\/14045\/revisions\/14047"}],"wp:featuredmedia":[{"embeddable":true,"href":"https:\/\/impactodenoticias.com.ar\/index.php?rest_route=\/wp\/v2\/media\/14046"}],"wp:attachment":[{"href":"https:\/\/impactodenoticias.com.ar\/index.php?rest_route=%2Fwp%2Fv2%2Fmedia&parent=14045"}],"wp:term":[{"taxonomy":"category","embeddable":true,"href":"https:\/\/impactodenoticias.com.ar\/index.php?rest_route=%2Fwp%2Fv2%2Fcategories&post=14045"},{"taxonomy":"post_tag","embeddable":true,"href":"https:\/\/impactodenoticias.com.ar\/index.php?rest_route=%2Fwp%2Fv2%2Ftags&post=14045"}],"curies":[{"name":"wp","href":"https:\/\/api.w.org\/{rel}","templated":true}]}}