{"id":14058,"date":"2025-07-02T08:54:34","date_gmt":"2025-07-02T11:54:34","guid":{"rendered":"https:\/\/impactodenoticias.com.ar\/?p=14058"},"modified":"2025-07-02T08:54:35","modified_gmt":"2025-07-02T11:54:35","slug":"parana-fallecio-un-hombre-tras-descompensarse-mientras-caminaba-por-la-costanera-de-parana","status":"publish","type":"post","link":"https:\/\/impactodenoticias.com.ar\/?p=14058","title":{"rendered":"Paran\u00e1: falleci\u00f3 un hombre tras descompensarse mientras caminaba por la Costanera de Paran\u00e1"},"content":{"rendered":"\n<h2 class=\"wp-block-heading\">La v\u00edctima ser\u00eda un hombre de entre 55 y 60 a\u00f1os que se habr\u00eda descompensado mientras caminaba por la Costanera. Las autoridades investigan el hecho.<\/h2>\n\n\n\n<p>Fuentes oficiales confirmaron que el hombre era contador y ten\u00eda 50 a\u00f1os, identificado como Jorge Quinteros. Su esposa fue la encargada de reconocer su cuerpo. La Justicia dispuso la entrega de los restos a la familia.<\/p>\n\n\n\n<p>Segun los primeros datos aportados por la Polic\u00eda, la persona realizaba ejercicios en la concurrida zona del Parque Urquiza de Paran\u00e1.<\/p>\n\n\n\n<p>Seg\u00fan se pudo establecer por las c\u00e1maras de seguridad, la ca\u00edda del hombre se habr\u00eda producido por alg\u00fan hecho de car\u00e1cter f\u00edsico, sin intervenci\u00f3n de terceros, lo que se\u00f1alar\u00eda una descompensaci\u00f3n y posterior muerte.<\/p>\n","protected":false},"excerpt":{"rendered":"<p>La v&iacute;ctima ser&iacute;a un hombre de entre 55 y 60 a&ntilde;os que se habr&iacute;a descompensado mientras caminaba por la Costanera. Las autoridades investigan el hecho. Fuentes oficiales confirmaron que el hombre era contador y ten&iacute;a 50 a&ntilde;os, identificado como Jorge Quinteros. Su esposa fue la encargada de reconocer su cuerpo. La Justicia dispuso la entrega [&hellip;]<\/p>\n","protected":false},"author":2,"featured_media":14059,"comment_status":"open","ping_status":"open","sticky":false,"template":"","format":"standard","meta":{"footnotes":""},"categories":[3,8],"tags":[241,5422,146,369,95],"class_list":["post-14058","post","type-post","status-publish","format-standard","has-post-thumbnail","hentry","category-locales","category-policiales","tag-costanera","tag-desconpensacion","tag-hombre","tag-muerte","tag-parana"],"_links":{"self":[{"href":"https:\/\/impactodenoticias.com.ar\/index.php?rest_route=\/wp\/v2\/posts\/14058","targetHints":{"allow":["GET"]}}],"collection":[{"href":"https:\/\/impactodenoticias.com.ar\/index.php?rest_route=\/wp\/v2\/posts"}],"about":[{"href":"https:\/\/impactodenoticias.com.ar\/index.php?rest_route=\/wp\/v2\/types\/post"}],"author":[{"embeddable":true,"href":"https:\/\/impactodenoticias.com.ar\/index.php?rest_route=\/wp\/v2\/users\/2"}],"replies":[{"embeddable":true,"href":"https:\/\/impactodenoticias.com.ar\/index.php?rest_route=%2Fwp%2Fv2%2Fcomments&post=14058"}],"version-history":[{"count":1,"href":"https:\/\/impactodenoticias.com.ar\/index.php?rest_route=\/wp\/v2\/posts\/14058\/revisions"}],"predecessor-version":[{"id":14060,"href":"https:\/\/impactodenoticias.com.ar\/index.php?rest_route=\/wp\/v2\/posts\/14058\/revisions\/14060"}],"wp:featuredmedia":[{"embeddable":true,"href":"https:\/\/impactodenoticias.com.ar\/index.php?rest_route=\/wp\/v2\/media\/14059"}],"wp:attachment":[{"href":"https:\/\/impactodenoticias.com.ar\/index.php?rest_route=%2Fwp%2Fv2%2Fmedia&parent=14058"}],"wp:term":[{"taxonomy":"category","embeddable":true,"href":"https:\/\/impactodenoticias.com.ar\/index.php?rest_route=%2Fwp%2Fv2%2Fcategories&post=14058"},{"taxonomy":"post_tag","embeddable":true,"href":"https:\/\/impactodenoticias.com.ar\/index.php?rest_route=%2Fwp%2Fv2%2Ftags&post=14058"}],"curies":[{"name":"wp","href":"https:\/\/api.w.org\/{rel}","templated":true}]}}