{"id":14061,"date":"2025-07-02T09:05:10","date_gmt":"2025-07-02T12:05:10","guid":{"rendered":"https:\/\/impactodenoticias.com.ar\/?p=14061"},"modified":"2025-07-03T09:28:36","modified_gmt":"2025-07-03T12:28:36","slug":"murio-macarena-ortiz-la-mujer-condenada-por-el-homicidio-de-su-pequeno-hijo-tahiel","status":"publish","type":"post","link":"https:\/\/impactodenoticias.com.ar\/?p=14061","title":{"rendered":"Muri\u00f3 Macarena Ortiz, la mujer condenada por el homicidio de su peque\u00f1o hijo Tahiel"},"content":{"rendered":"\n<h2 class=\"wp-block-heading\">Macarena Ayel\u00e9n Ortiz, de 28 a\u00f1os, quien tras un juicio por jurados fue declarada culpable del homicidio de Tahiel Moussou, su hijo de 2 a\u00f1os, falleci\u00f3 en Paran\u00e1 ayer por la tarde debido a una afecci\u00f3n en sus pulmones.<\/h2>\n\n\n\n<p>Fuentes judiciales confirmaron a sus 28 a\u00f1os, muri\u00f3 en la Unidad Penal N\u00b06 \u00abConcepci\u00f3n Arenal\u00bb, Macarena Ayel\u00e9n Ort\u00edz condenada a la pena m\u00e1xima de prisi\u00f3n perpetua por matar a golpes a su hijo Tahiel el 2 de mayo de 2022 en Gualeguaych\u00fa. La causa de su muerte fue a ra\u00edz de una enfermedad respiratoria que padec\u00eda la filicida.<\/p>\n\n\n\n<p><\/p>\n\n\n\n<figure class=\"wp-block-image size-full\"><img loading=\"lazy\" decoding=\"async\" width=\"767\" height=\"532\" src=\"https:\/\/impactodenoticias.com.ar\/wp-content\/uploads\/2025\/07\/tahiel.jpg\" alt=\"\" class=\"wp-image-14063\" srcset=\"https:\/\/impactodenoticias.com.ar\/wp-content\/uploads\/2025\/07\/tahiel.jpg 767w, https:\/\/impactodenoticias.com.ar\/wp-content\/uploads\/2025\/07\/tahiel-300x208.jpg 300w\" sizes=\"auto, (max-width: 767px) 100vw, 767px\" \/><figcaption class=\"wp-element-caption\"><strong><em>Tahiel<\/em><\/strong><\/figcaption><\/figure>\n\n\n\n<p><\/p>\n\n\n\n<p>A Macarena Ortiz se la consider\u00f3 responsable del homicidio de su hijo Tahiel. Hecho sucedido en mayo de 2022 en Gualeguaych\u00fa en una vivienda del norte de la ciudad. Hab\u00eda sido sentenciada por homicidio agravado por el v\u00ednculo y por alevos\u00eda. El juicio por jurados se llev\u00f3 adelante entre el 2 y el 7 de junio de 2023 en la ciudad de Gualeguaych\u00fa. En sus alegatos, el fiscal Lisandro Beher\u00e1n pidi\u00f3 se le aplique la pena de prisi\u00f3n perpetua, mientas que el defensor oficial Pablo Ledesma interpuso un recurso de inconstitucionalidad contra esa pena (que en el ordenamiento legal nacional es de 35 a\u00f1os) y solicit\u00f3 una pena menos gravosa. La resoluci\u00f3n de la pena de prisi\u00f3n perpetua la resolvi\u00f3 la jueza Alicia Cristina Vivian, del Tribuna de Juicio y Apelaciones de Gualeguaych\u00fa.<\/p>\n\n\n\n<p>La teor\u00eda del caso que convenci\u00f3 a los doce jurados fue la que brind\u00f3 fiscal Beher\u00e1n, quien sostuvo que Macarena fue responsable del delito de homicidio, junto a su pareja Luis Alfredo \u00abPato\u00bb Ferreyra, quien se suicid\u00f3 al poco tiempo de ser detenido en una celda de la Jefatura Departamental de Polic\u00eda. La defensa de la joven plante\u00f3 la tesis contraria: que Ferreyra fue quien golpe\u00f3 brutalmente al ni\u00f1o hasta la muerte y que Ortiz sufr\u00eda violencia de g\u00e9nero, lo que le imped\u00eda auxiliar a su hijo.<\/p>\n","protected":false},"excerpt":{"rendered":"<p>Macarena Ayel&eacute;n Ortiz, de 28 a&ntilde;os, quien tras un juicio por jurados fue declarada culpable del homicidio de Tahiel Moussou, su hijo de 2 a&ntilde;os, falleci&oacute; en Paran&aacute; ayer por la tarde debido a una afecci&oacute;n en sus pulmones. Fuentes judiciales confirmaron a sus 28 a&ntilde;os, muri&oacute; en la Unidad Penal N&deg;6 &laquo;Concepci&oacute;n Arenal&raquo;, Macarena [&hellip;]<\/p>\n","protected":false},"author":2,"featured_media":14064,"comment_status":"open","ping_status":"open","sticky":false,"template":"","format":"standard","meta":{"footnotes":""},"categories":[8,4],"tags":[280,474,369,5423,95,5424],"class_list":["post-14061","post","type-post","status-publish","format-standard","has-post-thumbnail","hentry","category-policiales","category-provinciales","tag-gualeguaychu","tag-macarena","tag-muerte","tag-ortiz","tag-parana","tag-tahiel"],"_links":{"self":[{"href":"https:\/\/impactodenoticias.com.ar\/index.php?rest_route=\/wp\/v2\/posts\/14061","targetHints":{"allow":["GET"]}}],"collection":[{"href":"https:\/\/impactodenoticias.com.ar\/index.php?rest_route=\/wp\/v2\/posts"}],"about":[{"href":"https:\/\/impactodenoticias.com.ar\/index.php?rest_route=\/wp\/v2\/types\/post"}],"author":[{"embeddable":true,"href":"https:\/\/impactodenoticias.com.ar\/index.php?rest_route=\/wp\/v2\/users\/2"}],"replies":[{"embeddable":true,"href":"https:\/\/impactodenoticias.com.ar\/index.php?rest_route=%2Fwp%2Fv2%2Fcomments&post=14061"}],"version-history":[{"count":1,"href":"https:\/\/impactodenoticias.com.ar\/index.php?rest_route=\/wp\/v2\/posts\/14061\/revisions"}],"predecessor-version":[{"id":14065,"href":"https:\/\/impactodenoticias.com.ar\/index.php?rest_route=\/wp\/v2\/posts\/14061\/revisions\/14065"}],"wp:featuredmedia":[{"embeddable":true,"href":"https:\/\/impactodenoticias.com.ar\/index.php?rest_route=\/wp\/v2\/media\/14064"}],"wp:attachment":[{"href":"https:\/\/impactodenoticias.com.ar\/index.php?rest_route=%2Fwp%2Fv2%2Fmedia&parent=14061"}],"wp:term":[{"taxonomy":"category","embeddable":true,"href":"https:\/\/impactodenoticias.com.ar\/index.php?rest_route=%2Fwp%2Fv2%2Fcategories&post=14061"},{"taxonomy":"post_tag","embeddable":true,"href":"https:\/\/impactodenoticias.com.ar\/index.php?rest_route=%2Fwp%2Fv2%2Ftags&post=14061"}],"curies":[{"name":"wp","href":"https:\/\/api.w.org\/{rel}","templated":true}]}}