{"id":14066,"date":"2025-07-02T09:12:31","date_gmt":"2025-07-02T12:12:31","guid":{"rendered":"https:\/\/impactodenoticias.com.ar\/?p=14066"},"modified":"2025-07-02T09:12:32","modified_gmt":"2025-07-02T12:12:32","slug":"parana-seis-personas-terminaron-detenidas-tras-participar-de-una-violenta-pelea-familiar","status":"publish","type":"post","link":"https:\/\/impactodenoticias.com.ar\/?p=14066","title":{"rendered":"Paran\u00e1: seis personas terminaron detenidas tras participar de una violenta pelea familiar"},"content":{"rendered":"\n<h2 class=\"wp-block-heading\">La Polic\u00eda de Entre R\u00edos arrest\u00f3 a seis personas e identific\u00f3 a otras cuatro en medio de un abordaje realizado anoche en Paran\u00e1, en el marco de una reyerta familiar. A los detenidos se les imputan los delitos de da\u00f1os, violaci\u00f3n de domicilio, amenazas calificadas y lesiones.<\/h2>\n\n\n\n<p>Seg\u00fan se inform\u00f3 a<strong> IMPACTO DE NOTICIAS<\/strong>, la noche de este martes se produjo un disturbio generalizado en calles Boris Gos y Rondeau. El hecho se origin\u00f3 cuando un hombre de 56 a\u00f1os, deniunci\u00f3 que un grupo de personas ingres\u00f3 a su domicilio luego de romper la puerta y agredirlo f\u00edsicamente.<\/p>\n\n\n\n<p>Adem\u00e1s, la v\u00edctima se\u00f1al\u00f3 que \u201cuno de los agresores habr\u00eda intentado disparar un arma de fuego sin que se produjera detonaci\u00f3n, mientras otro lo golpe\u00f3 con una cadena, provoc\u00e1ndole una herida en el cuero cabelludo\u201d, informaron desde la Polic\u00eda.<\/p>\n\n\n\n<p>Seg\u00fan trascendi\u00f3, habri\u00e1n conflictos familiares de vieja data, a ra\u00edz de la relaci\u00f3n entre la hija del damnificado y uno de los imputados.<\/p>\n\n\n\n<p class=\"has-medium-font-size\"><strong>Los detenidos<\/strong><\/p>\n\n\n\n<p>Por disposici\u00f3n del fiscal se efectu\u00f3 el traslado de los seis detenidos a la alcaid\u00eda de Tribunales tras ser examinados por el m\u00e9dico policial. Se identific\u00f3 tambi\u00e9n a cuatro testigos del hecho, vecinos que colaboraron con la v\u00edctima para detener la agresi\u00f3n. Entre los elementos secuestrados figura una cadena de motoveh\u00edculo utilizada para causar la lesi\u00f3n.<\/p>\n\n\n\n<p><\/p>\n\n\n\n<figure class=\"wp-block-image size-large\"><img loading=\"lazy\" decoding=\"async\" width=\"768\" height=\"1024\" src=\"https:\/\/impactodenoticias.com.ar\/wp-content\/uploads\/2025\/07\/Cadena-Detenidos-Parana-768x1024.webp\" alt=\"\" class=\"wp-image-14068\" srcset=\"https:\/\/impactodenoticias.com.ar\/wp-content\/uploads\/2025\/07\/Cadena-Detenidos-Parana-768x1024.webp 768w, https:\/\/impactodenoticias.com.ar\/wp-content\/uploads\/2025\/07\/Cadena-Detenidos-Parana-225x300.webp 225w, https:\/\/impactodenoticias.com.ar\/wp-content\/uploads\/2025\/07\/Cadena-Detenidos-Parana.webp 1068w\" sizes=\"auto, (max-width: 768px) 100vw, 768px\" \/><\/figure>\n\n\n\n<p><\/p>\n\n\n\n<p>Las edades de los sujetos arrestados oscilan entre 18 y 39 a\u00f1os. En el episodio intervino personal policial de Comisar\u00eda Cuarta, Divisi\u00f3n 911 y Divisi\u00f3n Bancaria.<\/p>\n","protected":false},"excerpt":{"rendered":"<p>La Polic&iacute;a de Entre R&iacute;os arrest&oacute; a seis personas e identific&oacute; a otras cuatro en medio de un abordaje realizado anoche en Paran&aacute;, en el marco de una reyerta familiar. A los detenidos se les imputan los delitos de da&ntilde;os, violaci&oacute;n de domicilio, amenazas calificadas y lesiones. Seg&uacute;n se inform&oacute; a IMPACTO DE NOTICIAS, la [&hellip;]<\/p>\n","protected":false},"author":2,"featured_media":14067,"comment_status":"open","ping_status":"open","sticky":false,"template":"","format":"standard","meta":{"footnotes":""},"categories":[3,8],"tags":[138,377,95,429],"class_list":["post-14066","post","type-post","status-publish","format-standard","has-post-thumbnail","hentry","category-locales","category-policiales","tag-detenidos","tag-familiar","tag-parana","tag-pelea"],"_links":{"self":[{"href":"https:\/\/impactodenoticias.com.ar\/index.php?rest_route=\/wp\/v2\/posts\/14066","targetHints":{"allow":["GET"]}}],"collection":[{"href":"https:\/\/impactodenoticias.com.ar\/index.php?rest_route=\/wp\/v2\/posts"}],"about":[{"href":"https:\/\/impactodenoticias.com.ar\/index.php?rest_route=\/wp\/v2\/types\/post"}],"author":[{"embeddable":true,"href":"https:\/\/impactodenoticias.com.ar\/index.php?rest_route=\/wp\/v2\/users\/2"}],"replies":[{"embeddable":true,"href":"https:\/\/impactodenoticias.com.ar\/index.php?rest_route=%2Fwp%2Fv2%2Fcomments&post=14066"}],"version-history":[{"count":1,"href":"https:\/\/impactodenoticias.com.ar\/index.php?rest_route=\/wp\/v2\/posts\/14066\/revisions"}],"predecessor-version":[{"id":14069,"href":"https:\/\/impactodenoticias.com.ar\/index.php?rest_route=\/wp\/v2\/posts\/14066\/revisions\/14069"}],"wp:featuredmedia":[{"embeddable":true,"href":"https:\/\/impactodenoticias.com.ar\/index.php?rest_route=\/wp\/v2\/media\/14067"}],"wp:attachment":[{"href":"https:\/\/impactodenoticias.com.ar\/index.php?rest_route=%2Fwp%2Fv2%2Fmedia&parent=14066"}],"wp:term":[{"taxonomy":"category","embeddable":true,"href":"https:\/\/impactodenoticias.com.ar\/index.php?rest_route=%2Fwp%2Fv2%2Fcategories&post=14066"},{"taxonomy":"post_tag","embeddable":true,"href":"https:\/\/impactodenoticias.com.ar\/index.php?rest_route=%2Fwp%2Fv2%2Ftags&post=14066"}],"curies":[{"name":"wp","href":"https:\/\/api.w.org\/{rel}","templated":true}]}}