{"id":14070,"date":"2025-07-02T09:21:38","date_gmt":"2025-07-02T12:21:38","guid":{"rendered":"https:\/\/impactodenoticias.com.ar\/?p=14070"},"modified":"2025-07-04T10:22:03","modified_gmt":"2025-07-04T13:22:03","slug":"entre-rios-las-escuelas-permaneceran-abiertas-pero-no-se-computaran-inasistencias-debido-a-la-ola-de-frio-reinante","status":"publish","type":"post","link":"https:\/\/impactodenoticias.com.ar\/?p=14070","title":{"rendered":"Entre R\u00edos: las escuelas permanecer\u00e1n abiertas, pero no se computar\u00e1n inasistencias debido a la ola de fr\u00edo reinante"},"content":{"rendered":"\n<h2 class=\"wp-block-heading\">Debido a las bajas temperaturas que afectan a la provincia y a buena parte del pa\u00eds, el Consejo General de Educaci\u00f3n (CGE) estableci\u00f3 una serie de lineamientos para afrontar los registros t\u00e9rmicos en los establecimientos educativos, conforme lo indica la circular N\u00ba 14\/2025.<\/h2>\n\n\n\n<p>La disposici\u00f3n emitida por el CGE establece que las escuelas permanecer\u00e1n abiertas, pero se flexibilizar\u00e1 la asistencia a los fines de cuidar la salud de los estudiantes. En este contexto, se resolvi\u00f3 no computar inasistencias en aquellos casos en que madres, padres o responsables legales decidan no enviar a sus hijos a clases debido a las condiciones clim\u00e1ticas.<\/p>\n\n\n\n<p>\u201cLos establecimientos educativos deber\u00e1n permanecer abiertos, cumpliendo su labor de manera normal y habitual, garantizando el servicio educativo y de comedores escolares, adoptando las medidas que sean necesarias para afrontar la situaci\u00f3n\u201d, se\u00f1ala la circular 14\/2025.<\/p>\n\n\n\n<p>Mientras que las direcciones departamentales de escuelas, en conjunto con los equipos supervisivos y las instituciones educativas, deber\u00e1n dise\u00f1ar planes de acci\u00f3n adaptados a cada realidad local para mitigar el impacto de las bajas temperaturas y sostener el v\u00ednculo pedag\u00f3gico.<\/p>\n\n\n\n<p>Se pondr\u00e1n a disposici\u00f3n l\u00edneas de comunicaci\u00f3n directa para responder dudas, consultas o situaciones imprevistas que puedan surgir en el marco de estas medidas. Estas acciones estar\u00e1n vigentes durante el presente mes de julio, en consonancia con el compromiso del gobierno provincial de garantizar el derecho a la educaci\u00f3n en un entorno cuidado y seguro.<\/p>\n\n\n\n<p>Finalizand, se solicita a las familias que de concurrir a los establecimientos educativos, los estudiantes no se presenten si manifiestan s\u00edntomas de gripe u otras enfermedades respiratorias, priorizando siempre su bienestar. Aquellos que asistan, que lo hagan con vestimenta adecuada para mitigar las bajas temperaturas.<\/p>\n","protected":false},"excerpt":{"rendered":"<p>Debido a las bajas temperaturas que afectan a la provincia y a buena parte del pa&iacute;s, el Consejo General de Educaci&oacute;n (CGE) estableci&oacute; una serie de lineamientos para afrontar los registros t&eacute;rmicos en los establecimientos educativos, conforme lo indica la circular N&ordm; 14\/2025. La disposici&oacute;n emitida por el CGE establece que las escuelas permanecer&aacute;n abiertas, [&hellip;]<\/p>\n","protected":false},"author":2,"featured_media":14071,"comment_status":"open","ping_status":"open","sticky":false,"template":"","format":"standard","meta":{"footnotes":""},"categories":[4,49],"tags":[5425,1410,33,206,5426],"class_list":["post-14070","post","type-post","status-publish","format-standard","has-post-thumbnail","hentry","category-provinciales","category-sociedad","tag-abiertas","tag-cge","tag-entre-rios","tag-escuelas","tag-inasistencias"],"_links":{"self":[{"href":"https:\/\/impactodenoticias.com.ar\/index.php?rest_route=\/wp\/v2\/posts\/14070","targetHints":{"allow":["GET"]}}],"collection":[{"href":"https:\/\/impactodenoticias.com.ar\/index.php?rest_route=\/wp\/v2\/posts"}],"about":[{"href":"https:\/\/impactodenoticias.com.ar\/index.php?rest_route=\/wp\/v2\/types\/post"}],"author":[{"embeddable":true,"href":"https:\/\/impactodenoticias.com.ar\/index.php?rest_route=\/wp\/v2\/users\/2"}],"replies":[{"embeddable":true,"href":"https:\/\/impactodenoticias.com.ar\/index.php?rest_route=%2Fwp%2Fv2%2Fcomments&post=14070"}],"version-history":[{"count":1,"href":"https:\/\/impactodenoticias.com.ar\/index.php?rest_route=\/wp\/v2\/posts\/14070\/revisions"}],"predecessor-version":[{"id":14072,"href":"https:\/\/impactodenoticias.com.ar\/index.php?rest_route=\/wp\/v2\/posts\/14070\/revisions\/14072"}],"wp:featuredmedia":[{"embeddable":true,"href":"https:\/\/impactodenoticias.com.ar\/index.php?rest_route=\/wp\/v2\/media\/14071"}],"wp:attachment":[{"href":"https:\/\/impactodenoticias.com.ar\/index.php?rest_route=%2Fwp%2Fv2%2Fmedia&parent=14070"}],"wp:term":[{"taxonomy":"category","embeddable":true,"href":"https:\/\/impactodenoticias.com.ar\/index.php?rest_route=%2Fwp%2Fv2%2Fcategories&post=14070"},{"taxonomy":"post_tag","embeddable":true,"href":"https:\/\/impactodenoticias.com.ar\/index.php?rest_route=%2Fwp%2Fv2%2Ftags&post=14070"}],"curies":[{"name":"wp","href":"https:\/\/api.w.org\/{rel}","templated":true}]}}