{"id":14073,"date":"2025-07-02T09:25:16","date_gmt":"2025-07-02T12:25:16","guid":{"rendered":"https:\/\/impactodenoticias.com.ar\/?p=14073"},"modified":"2025-07-04T10:21:59","modified_gmt":"2025-07-04T13:21:59","slug":"avanzan-los-controles-por-carteleria-no-autorizada-en-espacios-publicos-en-parana","status":"publish","type":"post","link":"https:\/\/impactodenoticias.com.ar\/?p=14073","title":{"rendered":"Avanzan los controles por carteler\u00eda no autorizada en espacios p\u00fablicos en Paran\u00e1"},"content":{"rendered":"\n<h2 class=\"wp-block-heading\">La Municipalidad refuerza las inspecciones en cumplimiento del C\u00f3digo Publicitario Municipal. Detectan carteles colocados en postes de luz, puentes y espacios verdes, prohibidos por la Ordenanza N\u00ba 7977.<\/h2>\n\n\n\n<p>En un a\u00f1o marcado por la actividad electoral, Control Urbano intensifica los operativos para controlar la instalaci\u00f3n de carteler\u00eda pol\u00edtica y publicitaria en lugares donde su colocaci\u00f3n est\u00e1 expresamente prohibida. Se retiran afiches, pasacalles y estructuras ilegales que generan contaminaci\u00f3n visual, obstruyen se\u00f1ales viales o representan un riesgo para la seguridad.<\/p>\n\n\n\n<p class=\"has-medium-font-size\"><strong>La Ordenanza 7977 establece que est\u00e1 prohibido colocar carteles en:<\/strong><\/p>\n\n\n\n<p>-Plazas y parques<\/p>\n\n\n\n<p>-Columnas de alumbrado p\u00fablico<\/p>\n\n\n\n<p>-Se\u00f1ales luminosas de tr\u00e1nsito (sem\u00e1foros y se\u00f1al\u00e9tica)<\/p>\n\n\n\n<p>-\u00c1rboles<\/p>\n\n\n\n<p>-Frente a fuentes, estatuas, monumentos, plazoletas, paseos p\u00fablicos o patrimonio municipal<\/p>\n\n\n\n<p>-Garitas de colectivos y puentes de acceso a la ciudad<\/p>\n\n\n\n<p>-Microcentro y avenidas, sin autorizaci\u00f3n previa<\/p>\n\n\n\n<p>Se recuerda que, adem\u00e1s de da\u00f1ar el entorno urbano y ensuciar la ciudad, esta pr\u00e1ctica representa un riesgo para peatones, veh\u00edculos y trabajadores de servicios, por posibles ca\u00eddas de carteles, obstrucci\u00f3n visual o incluso descargas el\u00e9ctricas al intentar retirarlos sin medidas adecuadas.<\/p>\n\n\n\n<p>\u201cSabemos que en \u00e9poca electoral la carteler\u00eda se multiplica, pero no por eso se pueden vulnerar normas que protegen el espacio p\u00fablico y la seguridad de todos. Nuestra tarea es garantizar que se respete la ordenanza y concientizar sobre el impacto negativo de estas pr\u00e1cticas\u201d, se\u00f1al\u00f3 el secretario de Fiscalizaci\u00f3n, Control Urbano y Actividades Comerciales, H\u00e9ctor Bergara.<\/p>\n\n\n\n<p>Para colocar carteler\u00eda en espacios habilitados, es obligatorio tramitar la autorizaci\u00f3n correspondiente a trav\u00e9s del siguiente enlace:<\/p>\n\n\n\n<p><strong>Solicitud de autorizaci\u00f3n de instalaci\u00f3n de carteler\u00eda<\/strong><\/p>\n\n\n\n<p><a href=\"http:\/\/mi.parana.gob.ar\/servicio.aspx?ser_id=1088&amp;xt=w3SF3gS0jNAVSQU\">http:\/\/mi.parana.gob.ar\/servicio.aspx?ser_id=1088&amp;xt=w3SF3gS0jNAVSQU<\/a><\/p>\n","protected":false},"excerpt":{"rendered":"<p>La Municipalidad refuerza las inspecciones en cumplimiento del C&oacute;digo Publicitario Municipal. Detectan carteles colocados en postes de luz, puentes y espacios verdes, prohibidos por la Ordenanza N&ordm; 7977. En un a&ntilde;o marcado por la actividad electoral, Control Urbano intensifica los operativos para controlar la instalaci&oacute;n de carteler&iacute;a pol&iacute;tica y publicitaria en lugares donde su colocaci&oacute;n [&hellip;]<\/p>\n","protected":false},"author":2,"featured_media":14074,"comment_status":"open","ping_status":"open","sticky":false,"template":"","format":"standard","meta":{"footnotes":""},"categories":[3,1902],"tags":[5427,609,102,95],"class_list":["post-14073","post","type-post","status-publish","format-standard","has-post-thumbnail","hentry","category-locales","category-municipales","tag-carteleria","tag-control","tag-municipalidad","tag-parana"],"_links":{"self":[{"href":"https:\/\/impactodenoticias.com.ar\/index.php?rest_route=\/wp\/v2\/posts\/14073","targetHints":{"allow":["GET"]}}],"collection":[{"href":"https:\/\/impactodenoticias.com.ar\/index.php?rest_route=\/wp\/v2\/posts"}],"about":[{"href":"https:\/\/impactodenoticias.com.ar\/index.php?rest_route=\/wp\/v2\/types\/post"}],"author":[{"embeddable":true,"href":"https:\/\/impactodenoticias.com.ar\/index.php?rest_route=\/wp\/v2\/users\/2"}],"replies":[{"embeddable":true,"href":"https:\/\/impactodenoticias.com.ar\/index.php?rest_route=%2Fwp%2Fv2%2Fcomments&post=14073"}],"version-history":[{"count":1,"href":"https:\/\/impactodenoticias.com.ar\/index.php?rest_route=\/wp\/v2\/posts\/14073\/revisions"}],"predecessor-version":[{"id":14075,"href":"https:\/\/impactodenoticias.com.ar\/index.php?rest_route=\/wp\/v2\/posts\/14073\/revisions\/14075"}],"wp:featuredmedia":[{"embeddable":true,"href":"https:\/\/impactodenoticias.com.ar\/index.php?rest_route=\/wp\/v2\/media\/14074"}],"wp:attachment":[{"href":"https:\/\/impactodenoticias.com.ar\/index.php?rest_route=%2Fwp%2Fv2%2Fmedia&parent=14073"}],"wp:term":[{"taxonomy":"category","embeddable":true,"href":"https:\/\/impactodenoticias.com.ar\/index.php?rest_route=%2Fwp%2Fv2%2Fcategories&post=14073"},{"taxonomy":"post_tag","embeddable":true,"href":"https:\/\/impactodenoticias.com.ar\/index.php?rest_route=%2Fwp%2Fv2%2Ftags&post=14073"}],"curies":[{"name":"wp","href":"https:\/\/api.w.org\/{rel}","templated":true}]}}