{"id":14076,"date":"2025-07-02T09:27:42","date_gmt":"2025-07-02T12:27:42","guid":{"rendered":"https:\/\/impactodenoticias.com.ar\/?p=14076"},"modified":"2025-07-04T10:21:55","modified_gmt":"2025-07-04T13:21:55","slug":"se-llevo-a-cabo-una-jornada-de-sensibilizacion-y-limpieza-en-el-arroyo-colorado","status":"publish","type":"post","link":"https:\/\/impactodenoticias.com.ar\/?p=14076","title":{"rendered":"Se llev\u00f3 a cabo una jornada de sensibilizaci\u00f3n y limpieza en el arroyo Colorado"},"content":{"rendered":"\n<h2 class=\"wp-block-heading\">Fue organizado por la Municipalidad de Paran\u00e1. Participaron instituciones y vecinales, para limpiar el arroyo y generar conciencia sobre la importancia de cuidar el medio ambiente para las generaciones futuras.<\/h2>\n\n\n\n<p>En el Arroyo Colorado se encuentra lo que se denomina La Olla, lugar donde se realiz\u00f3 la actividad que cont\u00f3 con la participaci\u00f3n de instituciones educativas, cadetes de la Polic\u00eda de Entre R\u00edos, Prefectura y las vecinales Mariano Moreno y Sachetti.<\/p>\n\n\n\n<p>El subsecretario de Ambiente de la Municipalidad, Maximiliano P\u00e9rez Viecenz, explic\u00f3 que el objetivo fue \u201cmostrar que los paranaenses tenemos una fuerte identidad con el r\u00edo y los arroyos, y en este caso con este corredor biol\u00f3gico -el arroyo Colorado- que se encuentra contaminado con residuos s\u00f3lidos urbanos, pl\u00e1sticos, restos met\u00e1licos y distintas cantidades de residuos que son depositados aqu\u00ed a lo largo del trayecto\u201d.<\/p>\n\n\n\n<p>Las instituciones que participaron en la jornada son: Salvando Arroyos; Asociaci\u00f3n Civil Arbolado Monte; Escuela de Canotaje; \u00d1andarec\u00f3 Nderejh\u00e9; Escuela de Guardavidas; Cadetes de la Polic\u00eda de Entre R\u00edos; Prefectura Naval; y la escuela Nuestra Se\u00f1ora de La Esperanza.<\/p>\n\n\n\n<p>\u201cEs necesario preservar y conservar este espacio para la ciudadan\u00eda, no solo para el presente, sino tambi\u00e9n para las generaciones futuras\u201d, destac\u00f3 P\u00e9rez Viecenz.<\/p>\n\n\n\n<p>El arroyo Colorado es un afluente del arroyo Las Viejas, donde el Municipio encara una obra que complementar\u00e1 con un sistema de esclusa para poder limpiar esta zona. En ese sentido, P\u00e9rez Viecenz mencion\u00f3: \u201cLos residuos que se tiran aqu\u00ed son tambi\u00e9n los que viajan hasta el arroyo Las Viejas, por lo que el complemento de esta obra son actividades de limpieza que nos permitir\u00e1 tener unos arroyos m\u00e1s saneados y un r\u00edo m\u00e1s sano\u201d.<\/p>\n","protected":false},"excerpt":{"rendered":"<p>Fue organizado por la Municipalidad de Paran&aacute;. Participaron instituciones y vecinales, para limpiar el arroyo y generar conciencia sobre la importancia de cuidar el medio ambiente para las generaciones futuras. En el Arroyo Colorado se encuentra lo que se denomina La Olla, lugar donde se realiz&oacute; la actividad que cont&oacute; con la participaci&oacute;n de instituciones [&hellip;]<\/p>\n","protected":false},"author":2,"featured_media":14077,"comment_status":"open","ping_status":"open","sticky":false,"template":"","format":"standard","meta":{"footnotes":""},"categories":[3,1902],"tags":[2721,5429,193,493,95,5428],"class_list":["post-14076","post","type-post","status-publish","format-standard","has-post-thumbnail","hentry","category-locales","category-municipales","tag-arroyo","tag-ciolorado","tag-jornada","tag-limpieza","tag-parana","tag-sensibilizacion"],"_links":{"self":[{"href":"https:\/\/impactodenoticias.com.ar\/index.php?rest_route=\/wp\/v2\/posts\/14076","targetHints":{"allow":["GET"]}}],"collection":[{"href":"https:\/\/impactodenoticias.com.ar\/index.php?rest_route=\/wp\/v2\/posts"}],"about":[{"href":"https:\/\/impactodenoticias.com.ar\/index.php?rest_route=\/wp\/v2\/types\/post"}],"author":[{"embeddable":true,"href":"https:\/\/impactodenoticias.com.ar\/index.php?rest_route=\/wp\/v2\/users\/2"}],"replies":[{"embeddable":true,"href":"https:\/\/impactodenoticias.com.ar\/index.php?rest_route=%2Fwp%2Fv2%2Fcomments&post=14076"}],"version-history":[{"count":1,"href":"https:\/\/impactodenoticias.com.ar\/index.php?rest_route=\/wp\/v2\/posts\/14076\/revisions"}],"predecessor-version":[{"id":14078,"href":"https:\/\/impactodenoticias.com.ar\/index.php?rest_route=\/wp\/v2\/posts\/14076\/revisions\/14078"}],"wp:featuredmedia":[{"embeddable":true,"href":"https:\/\/impactodenoticias.com.ar\/index.php?rest_route=\/wp\/v2\/media\/14077"}],"wp:attachment":[{"href":"https:\/\/impactodenoticias.com.ar\/index.php?rest_route=%2Fwp%2Fv2%2Fmedia&parent=14076"}],"wp:term":[{"taxonomy":"category","embeddable":true,"href":"https:\/\/impactodenoticias.com.ar\/index.php?rest_route=%2Fwp%2Fv2%2Fcategories&post=14076"},{"taxonomy":"post_tag","embeddable":true,"href":"https:\/\/impactodenoticias.com.ar\/index.php?rest_route=%2Fwp%2Fv2%2Ftags&post=14076"}],"curies":[{"name":"wp","href":"https:\/\/api.w.org\/{rel}","templated":true}]}}