{"id":14082,"date":"2025-07-02T18:13:37","date_gmt":"2025-07-02T21:13:37","guid":{"rendered":"https:\/\/impactodenoticias.com.ar\/?p=14082"},"modified":"2025-07-02T18:13:38","modified_gmt":"2025-07-02T21:13:38","slug":"autovia-14-los-ocupantes-de-un-vehiculo-que-despisto-y-volco-fueron-trasladados-al-hospital","status":"publish","type":"post","link":"https:\/\/impactodenoticias.com.ar\/?p=14082","title":{"rendered":"Autov\u00eda 14: los ocupantes de un veh\u00edculo que despist\u00f3 y volc\u00f3 fueron trasladados al hospital"},"content":{"rendered":"\n<h2 class=\"wp-block-heading\">En la ma\u00f1ana de este mi\u00e9rcoles, en el kil\u00f3metro 341 de la autov\u00eda 14 se registr\u00f3el vuelco de un autom\u00f3vil marca Toyota modelo Corolla.<\/h2>\n\n\n\n<p>El veh\u00edculo se dirig\u00eda desde Buenos Aires hacia Paraguay conducido por un hombre de 71 a\u00f1os, con domicilio en La Matanza (Buenos Aires). Juanto a el se trasladaban otras tres personas de 72, 46 y 31 a\u00f1os, tambi\u00e9n con domicilios en Buenos Aires.<\/p>\n\n\n\n<p>El rodado habr\u00eda perdido el control, despist\u00f3 y termin\u00f3 volcando en el espacio verde lateral de la mencionada autov\u00eda.<\/p>\n\n\n\n<p>Todos los ocupantes fueron trasladados en ambulancia hacia el hospital Santa Rosa de la ciudad de Chajar\u00ed, para su atenci\u00f3n m\u00e9dica.<\/p>\n\n\n\n<p>Intervino personal de la Secci\u00f3n Cuerpos Especiales Tag\u00fc\u00e9, personal del puesto Caminero Paso Cerrito y Bomberos Voluntarios de Mocoret\u00e1, provincia de Corrientes.<\/p>\n","protected":false},"excerpt":{"rendered":"<p>En la ma&ntilde;ana de este mi&eacute;rcoles, en el kil&oacute;metro 341 de la autov&iacute;a 14 se registr&oacute;el vuelco de un autom&oacute;vil marca Toyota modelo Corolla. El veh&iacute;culo se dirig&iacute;a desde Buenos Aires hacia Paraguay conducido por un hombre de 71 a&ntilde;os, con domicilio en La Matanza (Buenos Aires). Juanto a el se trasladaban otras tres personas [&hellip;]<\/p>\n","protected":false},"author":2,"featured_media":14083,"comment_status":"open","ping_status":"open","sticky":false,"template":"","format":"standard","meta":{"footnotes":""},"categories":[8,4],"tags":[521,569,394,336],"class_list":["post-14082","post","type-post","status-publish","format-standard","has-post-thumbnail","hentry","category-policiales","category-provinciales","tag-autovia-14","tag-despiste","tag-heridos","tag-vuelco"],"_links":{"self":[{"href":"https:\/\/impactodenoticias.com.ar\/index.php?rest_route=\/wp\/v2\/posts\/14082","targetHints":{"allow":["GET"]}}],"collection":[{"href":"https:\/\/impactodenoticias.com.ar\/index.php?rest_route=\/wp\/v2\/posts"}],"about":[{"href":"https:\/\/impactodenoticias.com.ar\/index.php?rest_route=\/wp\/v2\/types\/post"}],"author":[{"embeddable":true,"href":"https:\/\/impactodenoticias.com.ar\/index.php?rest_route=\/wp\/v2\/users\/2"}],"replies":[{"embeddable":true,"href":"https:\/\/impactodenoticias.com.ar\/index.php?rest_route=%2Fwp%2Fv2%2Fcomments&post=14082"}],"version-history":[{"count":1,"href":"https:\/\/impactodenoticias.com.ar\/index.php?rest_route=\/wp\/v2\/posts\/14082\/revisions"}],"predecessor-version":[{"id":14084,"href":"https:\/\/impactodenoticias.com.ar\/index.php?rest_route=\/wp\/v2\/posts\/14082\/revisions\/14084"}],"wp:featuredmedia":[{"embeddable":true,"href":"https:\/\/impactodenoticias.com.ar\/index.php?rest_route=\/wp\/v2\/media\/14083"}],"wp:attachment":[{"href":"https:\/\/impactodenoticias.com.ar\/index.php?rest_route=%2Fwp%2Fv2%2Fmedia&parent=14082"}],"wp:term":[{"taxonomy":"category","embeddable":true,"href":"https:\/\/impactodenoticias.com.ar\/index.php?rest_route=%2Fwp%2Fv2%2Fcategories&post=14082"},{"taxonomy":"post_tag","embeddable":true,"href":"https:\/\/impactodenoticias.com.ar\/index.php?rest_route=%2Fwp%2Fv2%2Ftags&post=14082"}],"curies":[{"name":"wp","href":"https:\/\/api.w.org\/{rel}","templated":true}]}}