{"id":14089,"date":"2025-07-02T18:26:21","date_gmt":"2025-07-02T21:26:21","guid":{"rendered":"https:\/\/impactodenoticias.com.ar\/?p=14089"},"modified":"2025-07-02T18:26:21","modified_gmt":"2025-07-02T21:26:21","slug":"parana-personal-perteneciente-a-los-bomberos-voluntarios-intervinieron-en-un-incendio-en-un-terreno","status":"publish","type":"post","link":"https:\/\/impactodenoticias.com.ar\/?p=14089","title":{"rendered":"Paran\u00e1: personal perteneciente a los Bomberos Voluntarios intervinieron en un incendio en un terreno"},"content":{"rendered":"\n<h2 class=\"wp-block-heading\">Una unidad del Cuerpo Activo de Bomberos Voluntarios de Paran\u00e1 fue solicitado este mi\u00e9rcoles en la intersecci\u00f3n de calle Urquiza y Cura \u00c1lvarez, en la ciudad de Paran\u00e1, tras ser alertados por un incendio de pastizales en un terreno bald\u00edo.<\/h2>\n\n\n\n<p>En el lugar se llevaron a cabo tareas de combate del fuego hasta que finalmente pudo ser controlado y sofocado, evitando su propagaci\u00f3n y protegiendo a las viviendas y propiedades cercanas. Conclu\u00edda la labor, se asegur\u00f3 la zona para resguardar la seguridad de los vecinos.<\/p>\n\n\n\n<p>\u201cRecordamos a la comunidad la importancia de evitar la quema de residuos o pastizales, ya que estas acciones representan un riesgo elevado, especialmente en \u00e9pocas de altas temperaturas y sequ\u00eda\u201d, se\u00f1alaron desde Bomberos.<\/p>\n\n\n\n<p class=\"has-medium-font-size\"><strong>La Municipalidad ya hab\u00eda advertido a los propietarios<\/strong><\/p>\n\n\n\n<p>El terreno bald\u00edo, ubicado en una esquina c\u00e9ntrica de la ciudad, motiv\u00f3 a fines del a\u00f1o pasado la intervenci\u00f3n de la Municipalidad, tras varias intimaciones sin resultado.<\/p>\n\n\n\n<p>La intervenci\u00f3n incluy\u00f3 un procedimiento que se inici\u00f3 con la intimaci\u00f3n a los propietarios para realizar la limpieza en un plazo determinado. Al no cumplir con las indicaciones, se labr\u00f3 un acta y el caso fue derivado al Juzgado de Faltas, donde se aplic\u00f3 una multa y se reiter\u00f3 la orden de limpieza.<\/p>\n\n\n\n<p>Al persistir con el incumplimiento, se efectu\u00f3 la limpieza del lugar, con los costos trasladados al propietario, conforme a lo establecido en la normativa vigente.<\/p>\n","protected":false},"excerpt":{"rendered":"<p>Una unidad del Cuerpo Activo de Bomberos Voluntarios de Paran&aacute; fue solicitado este mi&eacute;rcoles en la intersecci&oacute;n de calle Urquiza y Cura &Aacute;lvarez, en la ciudad de Paran&aacute;, tras ser alertados por un incendio de pastizales en un terreno bald&iacute;o. En el lugar se llevaron a cabo tareas de combate del fuego hasta que finalmente [&hellip;]<\/p>\n","protected":false},"author":2,"featured_media":14090,"comment_status":"open","ping_status":"open","sticky":false,"template":"","format":"standard","meta":{"footnotes":""},"categories":[3,8],"tags":[227,95,5432,3319],"class_list":["post-14089","post","type-post","status-publish","format-standard","has-post-thumbnail","hentry","category-locales","category-policiales","tag-incendio","tag-parana","tag-pastizal","tag-terreno"],"_links":{"self":[{"href":"https:\/\/impactodenoticias.com.ar\/index.php?rest_route=\/wp\/v2\/posts\/14089","targetHints":{"allow":["GET"]}}],"collection":[{"href":"https:\/\/impactodenoticias.com.ar\/index.php?rest_route=\/wp\/v2\/posts"}],"about":[{"href":"https:\/\/impactodenoticias.com.ar\/index.php?rest_route=\/wp\/v2\/types\/post"}],"author":[{"embeddable":true,"href":"https:\/\/impactodenoticias.com.ar\/index.php?rest_route=\/wp\/v2\/users\/2"}],"replies":[{"embeddable":true,"href":"https:\/\/impactodenoticias.com.ar\/index.php?rest_route=%2Fwp%2Fv2%2Fcomments&post=14089"}],"version-history":[{"count":1,"href":"https:\/\/impactodenoticias.com.ar\/index.php?rest_route=\/wp\/v2\/posts\/14089\/revisions"}],"predecessor-version":[{"id":14091,"href":"https:\/\/impactodenoticias.com.ar\/index.php?rest_route=\/wp\/v2\/posts\/14089\/revisions\/14091"}],"wp:featuredmedia":[{"embeddable":true,"href":"https:\/\/impactodenoticias.com.ar\/index.php?rest_route=\/wp\/v2\/media\/14090"}],"wp:attachment":[{"href":"https:\/\/impactodenoticias.com.ar\/index.php?rest_route=%2Fwp%2Fv2%2Fmedia&parent=14089"}],"wp:term":[{"taxonomy":"category","embeddable":true,"href":"https:\/\/impactodenoticias.com.ar\/index.php?rest_route=%2Fwp%2Fv2%2Fcategories&post=14089"},{"taxonomy":"post_tag","embeddable":true,"href":"https:\/\/impactodenoticias.com.ar\/index.php?rest_route=%2Fwp%2Fv2%2Ftags&post=14089"}],"curies":[{"name":"wp","href":"https:\/\/api.w.org\/{rel}","templated":true}]}}