{"id":14124,"date":"2025-07-04T10:21:08","date_gmt":"2025-07-04T13:21:08","guid":{"rendered":"https:\/\/impactodenoticias.com.ar\/?p=14124"},"modified":"2025-07-04T10:21:08","modified_gmt":"2025-07-04T13:21:08","slug":"parana-un-vehiculo-quedo-destruido-tras-padecer-un-incendio-en-avenida-estrada","status":"publish","type":"post","link":"https:\/\/impactodenoticias.com.ar\/?p=14124","title":{"rendered":"Paran\u00e1: un veh\u00edculo qued\u00f3 destru\u00eddo tras padecer un incendio en avenida Estrada"},"content":{"rendered":"\n<h2 class=\"wp-block-heading\">Un incendio en un auto que se registr\u00f3 en la avenida Estrada de Paran\u00e1, necesit\u00f3 de la presnecia de efectuvos pertenecientes a los Bomberos Voluntarios, Bomberos Zapadores y personal de la Comisar\u00eda D\u00e9cimo Primera.<\/h2>\n\n\n\n<p>De acuerdo al relato del due\u00f1o del veh\u00edculo, los hechos ocurrieron cuando se encontraba pescando en la zona. Al intentar retirarse del lugar, el hombre encendi\u00f3 su Renault Duster y escuch\u00f3 una explosi\u00f3n, seguida de un fuerte olor a humo. A pesar de los intentos por apagar las llamas con un extintor, el conductor no pudo controlar el fuego.<\/p>\n\n\n\n<p><\/p>\n\n\n\n<figure class=\"wp-block-image size-full\"><img loading=\"lazy\" decoding=\"async\" width=\"1024\" height=\"576\" src=\"https:\/\/impactodenoticias.com.ar\/wp-content\/uploads\/2025\/07\/515304511_1055723516704811_2419804530077587721_n.jpg\" alt=\"\" class=\"wp-image-14125\" srcset=\"https:\/\/impactodenoticias.com.ar\/wp-content\/uploads\/2025\/07\/515304511_1055723516704811_2419804530077587721_n.jpg 1024w, https:\/\/impactodenoticias.com.ar\/wp-content\/uploads\/2025\/07\/515304511_1055723516704811_2419804530077587721_n-300x169.jpg 300w, https:\/\/impactodenoticias.com.ar\/wp-content\/uploads\/2025\/07\/515304511_1055723516704811_2419804530077587721_n-768x432.jpg 768w\" sizes=\"auto, (max-width: 1024px) 100vw, 1024px\" \/><\/figure>\n\n\n\n<p><\/p>\n\n\n\n<p>Al llegar al lugar del siniestro, los bomberos, constataron que el veh\u00edculo ya se encontraba completamente consumido por las llamas. De inmediato, se desplegaron las l\u00edneas de ataque para sofocar el incendio y evitar que el fuego se propague a otras \u00e1reas. \u201cNos dio aviso en el momento y nosotros cuando acudimos al lugar el veh\u00edculo se encontraba consumido por las llamas. Tuvimos que desplegar las l\u00edneas de ataque para tratar de extinguirlo al veh\u00edculo para no tener m\u00e1s da\u00f1os\u201d, explic\u00f3 el bombero Miguel Alvarello, quien indic\u00f3 que el siniestro se encontraba en pleno proceso de control en ese momento.<\/p>\n\n\n\n<p>El conductor del autom\u00f3vil no result\u00f3 con lesiones a pesar de la magnitud del incendio. Las autoridades informaron que el hombre pudo escapar sin sufrir da\u00f1os f\u00edsicos. La p\u00e9rdida material fue significativa debido a los da\u00f1os que sufri\u00f3 el veh\u00edculo.<\/p>\n","protected":false},"excerpt":{"rendered":"<p>Un incendio en un auto que se registr&oacute; en la avenida Estrada de Paran&aacute;, necesit&oacute; de la presnecia de efectuvos pertenecientes a los Bomberos Voluntarios, Bomberos Zapadores y personal de la Comisar&iacute;a D&eacute;cimo Primera. De acuerdo al relato del due&ntilde;o del veh&iacute;culo, los hechos ocurrieron cuando se encontraba pescando en la zona. Al intentar retirarse [&hellip;]<\/p>\n","protected":false},"author":2,"featured_media":14126,"comment_status":"open","ping_status":"open","sticky":false,"template":"","format":"standard","meta":{"footnotes":""},"categories":[3,8],"tags":[507,2377,5444,227,95],"class_list":["post-14124","post","type-post","status-publish","format-standard","has-post-thumbnail","hentry","category-locales","category-policiales","tag-auto","tag-avenida","tag-estrada","tag-incendio","tag-parana"],"_links":{"self":[{"href":"https:\/\/impactodenoticias.com.ar\/index.php?rest_route=\/wp\/v2\/posts\/14124","targetHints":{"allow":["GET"]}}],"collection":[{"href":"https:\/\/impactodenoticias.com.ar\/index.php?rest_route=\/wp\/v2\/posts"}],"about":[{"href":"https:\/\/impactodenoticias.com.ar\/index.php?rest_route=\/wp\/v2\/types\/post"}],"author":[{"embeddable":true,"href":"https:\/\/impactodenoticias.com.ar\/index.php?rest_route=\/wp\/v2\/users\/2"}],"replies":[{"embeddable":true,"href":"https:\/\/impactodenoticias.com.ar\/index.php?rest_route=%2Fwp%2Fv2%2Fcomments&post=14124"}],"version-history":[{"count":1,"href":"https:\/\/impactodenoticias.com.ar\/index.php?rest_route=\/wp\/v2\/posts\/14124\/revisions"}],"predecessor-version":[{"id":14127,"href":"https:\/\/impactodenoticias.com.ar\/index.php?rest_route=\/wp\/v2\/posts\/14124\/revisions\/14127"}],"wp:featuredmedia":[{"embeddable":true,"href":"https:\/\/impactodenoticias.com.ar\/index.php?rest_route=\/wp\/v2\/media\/14126"}],"wp:attachment":[{"href":"https:\/\/impactodenoticias.com.ar\/index.php?rest_route=%2Fwp%2Fv2%2Fmedia&parent=14124"}],"wp:term":[{"taxonomy":"category","embeddable":true,"href":"https:\/\/impactodenoticias.com.ar\/index.php?rest_route=%2Fwp%2Fv2%2Fcategories&post=14124"},{"taxonomy":"post_tag","embeddable":true,"href":"https:\/\/impactodenoticias.com.ar\/index.php?rest_route=%2Fwp%2Fv2%2Ftags&post=14124"}],"curies":[{"name":"wp","href":"https:\/\/api.w.org\/{rel}","templated":true}]}}