{"id":14131,"date":"2025-07-04T18:08:43","date_gmt":"2025-07-04T21:08:43","guid":{"rendered":"https:\/\/impactodenoticias.com.ar\/?p=14131"},"modified":"2025-07-05T09:29:07","modified_gmt":"2025-07-05T12:29:07","slug":"entre-rios-se-levanto-la-restriccion-a-la-venta-de-gnc-en-estaciones-de-servicio","status":"publish","type":"post","link":"https:\/\/impactodenoticias.com.ar\/?p=14131","title":{"rendered":"Entre R\u00edos: se levant\u00f3 la restricci\u00f3n a la venta de GNC en estaciones de servicio"},"content":{"rendered":"\n<h2 class=\"wp-block-heading\">Se inform\u00f3 a estaciones de servicio de la ciudad de Paran\u00e1 que en la ma\u00f1ana de este viernes se cancel\u00f3 la restricci\u00f3n a la venta de GNC que se hab\u00eda dispuesto por el exceso de demanda debido a la ola polar que atraviesa el pa\u00eds. El expendio comenz\u00f3 a operar con normalidad antes de las 11 de esta jornada.<\/h2>\n\n\n\n<p>Adem\u00e1s la distribuidora GasNea inform\u00f3 que se habilita el despacho de GNC. Con esto, tiende a recuperar la normalidad la venta en todo Entre R\u00edos.<\/p>\n\n\n\n<p>Las estaciones fueron notificadas por las distribuidoras este viernes a la ma\u00f1ana, mientras transcurr\u00eda el segundo d\u00eda sin venta del combustible en la provincia.<\/p>\n\n\n\n<p>\u201cSe informa el levantamiento de la medida de restricci\u00f3n por fuerza mayor. Por tal motivo, pueden empezar a consumir a partir de ahora de manera normal\u201d, inform\u00f3 la distribuidora RedenGas a los estacioneros.<\/p>\n\n\n\n<p>El freno al expendio de gas natural comprimido (GNC) se hab\u00eda hecho efectivo este jueves, luego de las versiones que hab\u00edan circulado el mi\u00e9rcoles debido a medidas similares que se ven\u00edan tomando en distintos lugares del pa\u00eds.<\/p>\n\n\n\n<p>Cabe recordar que las estaciones de servicio de Entre R\u00edos hab\u00edan suspendido el expendio de GNC durante 24 horas, debido a la alta demanda que genera la ola polar. Los cortes tambi\u00e9n se hab\u00edan producido en industrias.<\/p>\n\n\n\n<p>La medida hab\u00eda sido tomada para priorizar el suministro a las zonas residenciales y el consumo particular de los hogares, hospitales y escuelas. Generaba complicaciones para trabajadores que requieren del combustible para sus veh\u00edculos de trabajo.<\/p>\n\n\n\n<p>El Ente Nacional Regulador del Gas (Enargas), hab\u00eda convocado a un Comit\u00e9 Ejecutivo de Emergencia, a pedido de las empresas del sector, por las complicaciones en el abastecimiento de gas natural en varios puntos del pa\u00eds. El consumo r\u00e9cord, impulsado por la ola de fr\u00edo, desbord\u00f3 la capacidad de suministro y oblig\u00f3 a coordinar medidas de urgencia para garantizar la demanda de los hogares.<\/p>\n\n\n\n<p>De acuerdo a las estimaciones del Enargas, la demanda superaba los 100 millones de metros c\u00fabicos diarios, un incremento del 25% respecto al mismo per\u00edodo del a\u00f1o pasado.<\/p>\n","protected":false},"excerpt":{"rendered":"<p>Se inform&oacute; a estaciones de servicio de la ciudad de Paran&aacute; que en la ma&ntilde;ana de este viernes se cancel&oacute; la restricci&oacute;n a la venta de GNC que se hab&iacute;a dispuesto por el exceso de demanda debido a la ola polar que atraviesa el pa&iacute;s. El expendio comenz&oacute; a operar con normalidad antes de las [&hellip;]<\/p>\n","protected":false},"author":2,"featured_media":14132,"comment_status":"open","ping_status":"open","sticky":false,"template":"","format":"standard","meta":{"footnotes":""},"categories":[4,49],"tags":[33,5447,1339,3403,517],"class_list":["post-14131","post","type-post","status-publish","format-standard","has-post-thumbnail","hentry","category-provinciales","category-sociedad","tag-entre-rios","tag-gnc","tag-levantamiento","tag-restriccion","tag-venta"],"_links":{"self":[{"href":"https:\/\/impactodenoticias.com.ar\/index.php?rest_route=\/wp\/v2\/posts\/14131","targetHints":{"allow":["GET"]}}],"collection":[{"href":"https:\/\/impactodenoticias.com.ar\/index.php?rest_route=\/wp\/v2\/posts"}],"about":[{"href":"https:\/\/impactodenoticias.com.ar\/index.php?rest_route=\/wp\/v2\/types\/post"}],"author":[{"embeddable":true,"href":"https:\/\/impactodenoticias.com.ar\/index.php?rest_route=\/wp\/v2\/users\/2"}],"replies":[{"embeddable":true,"href":"https:\/\/impactodenoticias.com.ar\/index.php?rest_route=%2Fwp%2Fv2%2Fcomments&post=14131"}],"version-history":[{"count":1,"href":"https:\/\/impactodenoticias.com.ar\/index.php?rest_route=\/wp\/v2\/posts\/14131\/revisions"}],"predecessor-version":[{"id":14133,"href":"https:\/\/impactodenoticias.com.ar\/index.php?rest_route=\/wp\/v2\/posts\/14131\/revisions\/14133"}],"wp:featuredmedia":[{"embeddable":true,"href":"https:\/\/impactodenoticias.com.ar\/index.php?rest_route=\/wp\/v2\/media\/14132"}],"wp:attachment":[{"href":"https:\/\/impactodenoticias.com.ar\/index.php?rest_route=%2Fwp%2Fv2%2Fmedia&parent=14131"}],"wp:term":[{"taxonomy":"category","embeddable":true,"href":"https:\/\/impactodenoticias.com.ar\/index.php?rest_route=%2Fwp%2Fv2%2Fcategories&post=14131"},{"taxonomy":"post_tag","embeddable":true,"href":"https:\/\/impactodenoticias.com.ar\/index.php?rest_route=%2Fwp%2Fv2%2Ftags&post=14131"}],"curies":[{"name":"wp","href":"https:\/\/api.w.org\/{rel}","templated":true}]}}