{"id":14153,"date":"2025-07-06T08:52:56","date_gmt":"2025-07-06T11:52:56","guid":{"rendered":"https:\/\/impactodenoticias.com.ar\/?p=14153"},"modified":"2025-07-06T08:52:56","modified_gmt":"2025-07-06T11:52:56","slug":"la-paz-un-joven-termino-arrestado-por-amenazar-con-un-arma-de-fuego-a-su-vecina","status":"publish","type":"post","link":"https:\/\/impactodenoticias.com.ar\/?p=14153","title":{"rendered":"La Paz: un joven termin\u00f3 arrestado por amenazar con un arma de fuego a su vecina"},"content":{"rendered":"\n<h2 class=\"wp-block-heading\">Un joven de 18 a\u00f1os amenaz\u00f3 con un arma de fuego a una vecina de 25 a\u00f1os, ocurri\u00f3 en la ciudad de Bovril. Luego del hecho, personal policial detuvo al acusado, que qued\u00f3 a disposici\u00f3n del Ministerio P\u00fablico Fiscal.<\/h2>\n\n\n\n<p>Seg\u00fan se inform\u00f3 a <strong>IMPACTO DE NOTICIAS<\/strong>, el incidente se produjo a las 11.15 cuando personal policial recibi\u00f3 un llamado telef\u00f3nico de una mujer que manifest\u00f3 que su vecino la habr\u00eda amenazado con un arma de fuego, tipo rev\u00f3lver.<\/p>\n\n\n\n<p>R\u00e1pdamente, los agentes le pidieron informaci\u00f3n acerca del autor, quien se iba del lugar por calle 25 de Mayo. La Polic\u00eda inici\u00f3 un operativo y minutos despu\u00e9s arrest\u00f3 al joven de 18 a\u00f1os que ten\u00eda en su poder, oculto entre sus prendas de vestir, un arma calibre .22 largo, pero sin balas.<\/p>\n\n\n\n<p>La fiscal\u00eda en turno dispuso la detenci\u00f3n del muchacho, que fue trasladado a la Jefatura Departamental de La Paz.<\/p>\n","protected":false},"excerpt":{"rendered":"<p>Un joven de 18 a&ntilde;os amenaz&oacute; con un arma de fuego a una vecina de 25 a&ntilde;os, ocurri&oacute; en la ciudad de Bovril. Luego del hecho, personal policial detuvo al acusado, que qued&oacute; a disposici&oacute;n del Ministerio P&uacute;blico Fiscal. Seg&uacute;n se inform&oacute; a IMPACTO DE NOTICIAS, el incidente se produjo a las 11.15 cuando personal [&hellip;]<\/p>\n","protected":false},"author":2,"featured_media":14154,"comment_status":"open","ping_status":"open","sticky":false,"template":"","format":"standard","meta":{"footnotes":""},"categories":[8,4],"tags":[1004,1108,307,175,459,137,5455],"class_list":["post-14153","post","type-post","status-publish","format-standard","has-post-thumbnail","hentry","category-policiales","category-provinciales","tag-amenazas","tag-arma","tag-bovril","tag-detenido","tag-fuego","tag-joven","tag-vecina"],"_links":{"self":[{"href":"https:\/\/impactodenoticias.com.ar\/index.php?rest_route=\/wp\/v2\/posts\/14153","targetHints":{"allow":["GET"]}}],"collection":[{"href":"https:\/\/impactodenoticias.com.ar\/index.php?rest_route=\/wp\/v2\/posts"}],"about":[{"href":"https:\/\/impactodenoticias.com.ar\/index.php?rest_route=\/wp\/v2\/types\/post"}],"author":[{"embeddable":true,"href":"https:\/\/impactodenoticias.com.ar\/index.php?rest_route=\/wp\/v2\/users\/2"}],"replies":[{"embeddable":true,"href":"https:\/\/impactodenoticias.com.ar\/index.php?rest_route=%2Fwp%2Fv2%2Fcomments&post=14153"}],"version-history":[{"count":1,"href":"https:\/\/impactodenoticias.com.ar\/index.php?rest_route=\/wp\/v2\/posts\/14153\/revisions"}],"predecessor-version":[{"id":14155,"href":"https:\/\/impactodenoticias.com.ar\/index.php?rest_route=\/wp\/v2\/posts\/14153\/revisions\/14155"}],"wp:featuredmedia":[{"embeddable":true,"href":"https:\/\/impactodenoticias.com.ar\/index.php?rest_route=\/wp\/v2\/media\/14154"}],"wp:attachment":[{"href":"https:\/\/impactodenoticias.com.ar\/index.php?rest_route=%2Fwp%2Fv2%2Fmedia&parent=14153"}],"wp:term":[{"taxonomy":"category","embeddable":true,"href":"https:\/\/impactodenoticias.com.ar\/index.php?rest_route=%2Fwp%2Fv2%2Fcategories&post=14153"},{"taxonomy":"post_tag","embeddable":true,"href":"https:\/\/impactodenoticias.com.ar\/index.php?rest_route=%2Fwp%2Fv2%2Ftags&post=14153"}],"curies":[{"name":"wp","href":"https:\/\/api.w.org\/{rel}","templated":true}]}}