{"id":14159,"date":"2025-07-06T09:09:00","date_gmt":"2025-07-06T12:09:00","guid":{"rendered":"https:\/\/impactodenoticias.com.ar\/?p=14159"},"modified":"2025-07-06T09:19:19","modified_gmt":"2025-07-06T12:19:19","slug":"nuevo-accidente-vial-fatal-en-entre-rios-un-muerto-y-cuatro-heridos-graves-en-el-ingreso-a-concordia","status":"publish","type":"post","link":"https:\/\/impactodenoticias.com.ar\/?p=14159","title":{"rendered":"Nuevo accidente vial fatal en Entre R\u00edos: un muerto y cuatro heridos graves en el ingreso a Concordia"},"content":{"rendered":"\n<h2 class=\"wp-block-heading\">Un tr\u00e1gico siniestro vial se registr\u00f3 en horas de la noche de este s\u00e1bado en avenida Frondizi de Concordia. El siniestro vial fue protagonizado por tres veh\u00edculos y dej\u00f3 el lamentable saldo de un hombre fallecido y al menos cuatro personas heridas, entre ellas una beba de tan solo nueve meses que se encuentra internada en grave estado.<\/h2>\n\n\n\n<p>Seg\u00fan se informaron fuentes policiales, el accidente de tr\u00e1nsito se habr\u00eda iniciado cuando una camioneta Renault Sandero, conducida por un joven identificado como Gianfranco Agust\u00edn P\u00e9rez, transitaba por la mencionada avenida en sentido oeste-este. Por causas que se tratan de establecer, el conductor habr\u00eda perdido el control del veh\u00edculo e impact\u00f3 de frente contra una camioneta Peugeot 504 que circulaba en sentido contrario.<\/p>\n\n\n\n<p>Debido a la violencia del impacto, el conductor de la Peugeot 504, identificado como Marcelo Sebasti\u00e1n Pe\u00f1alver, de 41 a\u00f1os, perdi\u00f3 la vida en el acto. El cuerpo del hombre qued\u00f3 atrapado dentro del habit\u00e1culo del veh\u00edculo, lo que oblig\u00f3 al personal de bomberos a trabajar arduamente para poder retirarlo del interior.<\/p>\n\n\n\n<p>Detr\u00e1s de la Peugeot circulaba un Chevrolet Corsa, conducido por una mujer. Al advertir la colisi\u00f3n frontal, la conductora habr\u00eda intentado frenar, pero debido al impacto y la proyecci\u00f3n de los veh\u00edculos, la Sandero termin\u00f3 impactando tambi\u00e9n contra el Corsa, que llevaba a bordo a tres personas.<\/p>\n\n\n\n<p>En el Chevrolet Corsa viajaba la conductora, su hija de aproximadamente nueve meses \u2014quien fue trasladada de urgencia al hospital Masvernat, donde permanece en estado reservado\u2014, y otra mujer. La madre de la beba fue hospitalizada pero sus heridas afortunadamente no revestir\u00edan gravedad.<\/p>\n\n\n\n<p>En la camioneta Peugeot 504 viajaba adem\u00e1s una mujer como acompa\u00f1ante de Pe\u00f1alver, quien fue derivada al hospital con heridas que no ser\u00edan de gravedad.<\/p>\n\n\n\n<p>El conductor de la Renault Sandero fue hospitalizado y posteriormente qued\u00f3 detenido por disposici\u00f3n del fiscal de turno, Dr. Jos\u00e9 Arias, quien orden\u00f3 su aprehensi\u00f3n en el marco de una causa caratulada por el presunto delito homicidio culposo en accidente de tr\u00e1nsito y lesiones graves.<\/p>\n\n\n\n<p>El parte m\u00e9dico dado a conocer en horas de la madrugada de este domingo confirm\u00f3 la gravedad de las lesiones de las v\u00edctimas que sobrevivieron al siniestro vial. La conductora del Chevrolet Corsa, presenta heridas cortantes en el rostro, una lesi\u00f3n en la mu\u00f1eca derecha con sutura, m\u00faltiples escoriaciones y politraumatismos. Su estado es estable, pero permanece bajo observaci\u00f3n.<\/p>\n\n\n\n<p>Su hija, una beb\u00e9 de apenas 8 meses, sufri\u00f3 un traumatismo enc\u00e9falo craneano (TEC), fractura de base de cr\u00e1neo y fractura de huesos del pe\u00f1asco. Fue intubada y colocada en Asistencia Respiratoria Mec\u00e1nica (ARM), quedando internada en la Unidad de Terapia Intensiva del hospital Masvernat, con pron\u00f3stico reservado.<\/p>\n\n\n\n<p>La acompa\u00f1ante del hombre fallecido sufri\u00f3 m\u00faltiples escoriaciones, traumatismos en el t\u00f3rax y abdomen, y politraumatismos. Su estado de salud es estable, no obstante sigue internada por prevenci\u00f3n.<\/p>\n\n\n\n<p>Mientras que, Gianfranco Agust\u00edn P\u00e9rez, conductor de la Sandero, permanece internado con traumatismo abdominal y tor\u00e1cico, escoriaciones m\u00faltiples, traumatismos en el rostro y una luxaci\u00f3n de cadera izquierda. Fue aprehendido en el lugar del accidente y se encuentra a disposici\u00f3n de la Justicia.<\/p>\n","protected":false},"excerpt":{"rendered":"<p>Un tr&aacute;gico siniestro vial se registr&oacute; en horas de la noche de este s&aacute;bado en avenida Frondizi de Concordia. El siniestro vial fue protagonizado por tres veh&iacute;culos y dej&oacute; el lamentable saldo de un hombre fallecido y al menos cuatro personas heridas, entre ellas una beba de tan solo nueve meses que se encuentra internada [&hellip;]<\/p>\n","protected":false},"author":2,"featured_media":14160,"comment_status":"open","ping_status":"open","sticky":false,"template":"","format":"standard","meta":{"footnotes":""},"categories":[8,4],"tags":[120,72,394,457],"class_list":["post-14159","post","type-post","status-publish","format-standard","has-post-thumbnail","hentry","category-policiales","category-provinciales","tag-accidente","tag-concordia","tag-heridos","tag-muerto"],"_links":{"self":[{"href":"https:\/\/impactodenoticias.com.ar\/index.php?rest_route=\/wp\/v2\/posts\/14159","targetHints":{"allow":["GET"]}}],"collection":[{"href":"https:\/\/impactodenoticias.com.ar\/index.php?rest_route=\/wp\/v2\/posts"}],"about":[{"href":"https:\/\/impactodenoticias.com.ar\/index.php?rest_route=\/wp\/v2\/types\/post"}],"author":[{"embeddable":true,"href":"https:\/\/impactodenoticias.com.ar\/index.php?rest_route=\/wp\/v2\/users\/2"}],"replies":[{"embeddable":true,"href":"https:\/\/impactodenoticias.com.ar\/index.php?rest_route=%2Fwp%2Fv2%2Fcomments&post=14159"}],"version-history":[{"count":1,"href":"https:\/\/impactodenoticias.com.ar\/index.php?rest_route=\/wp\/v2\/posts\/14159\/revisions"}],"predecessor-version":[{"id":14161,"href":"https:\/\/impactodenoticias.com.ar\/index.php?rest_route=\/wp\/v2\/posts\/14159\/revisions\/14161"}],"wp:featuredmedia":[{"embeddable":true,"href":"https:\/\/impactodenoticias.com.ar\/index.php?rest_route=\/wp\/v2\/media\/14160"}],"wp:attachment":[{"href":"https:\/\/impactodenoticias.com.ar\/index.php?rest_route=%2Fwp%2Fv2%2Fmedia&parent=14159"}],"wp:term":[{"taxonomy":"category","embeddable":true,"href":"https:\/\/impactodenoticias.com.ar\/index.php?rest_route=%2Fwp%2Fv2%2Fcategories&post=14159"},{"taxonomy":"post_tag","embeddable":true,"href":"https:\/\/impactodenoticias.com.ar\/index.php?rest_route=%2Fwp%2Fv2%2Ftags&post=14159"}],"curies":[{"name":"wp","href":"https:\/\/api.w.org\/{rel}","templated":true}]}}