{"id":14195,"date":"2025-07-07T16:57:49","date_gmt":"2025-07-07T19:57:49","guid":{"rendered":"https:\/\/impactodenoticias.com.ar\/?p=14195"},"modified":"2025-07-07T16:57:50","modified_gmt":"2025-07-07T19:57:50","slug":"murio-el-conductor-de-un-camion-tras-un-brutal-choque-de-dos-camiones-en-la-autovia-14-en-inmediaciones-de-colon","status":"publish","type":"post","link":"https:\/\/impactodenoticias.com.ar\/?p=14195","title":{"rendered":"Muri\u00f3 el conductor de un cami\u00f3n tras un brutal choque de dos camiones en la Autov\u00eda 14 en inmediaciones de Col\u00f3n"},"content":{"rendered":"\n<h2 class=\"wp-block-heading\">Un tr\u00e1gico siniestro vial se produjo este lunes sobre la Autov\u00eda Artigas, en la jurisdicci\u00f3n de Col\u00f3n. El fatal accidente vial involucr\u00f3 a dos camiones que transitaban en el mismo sentido y en el cual perdi\u00f3 la vida uno de los conductores.<\/h2>\n\n\n\n<p>El accidente vial se registr\u00f3 a la altura del kil\u00f3metro 208, cuando un cami\u00f3n Iveco, que transportaba virutas de madera, fue embestido en la parte trasera por un cami\u00f3n t\u00e9rmico que trasladaba palets.<\/p>\n\n\n\n<p>Desde la Departamental policial de Col\u00f3n informaron que el impacto fue de tal magnitud y que, como consecuencia del choque, el conductor del cami\u00f3n t\u00e9rmico perdi\u00f3 la vida en el acto. La v\u00edctima fatal ten\u00eda 35 a\u00f1os y era oriundo de la provincia de Buenos Aires.<\/p>\n\n\n\n<p>En el lugar del accidente trabajaron personal policial, bomberos y equipos de emergencia para asistir a la situaci\u00f3n y garantizar la seguridad en la zona del accidente. Las autoridades iniciaron una investigaci\u00f3n para determinar las causas que derivaron en el fatal siniestro vial.<\/p>\n","protected":false},"excerpt":{"rendered":"<p>Un tr&aacute;gico siniestro vial se produjo este lunes sobre la Autov&iacute;a Artigas, en la jurisdicci&oacute;n de Col&oacute;n. El fatal accidente vial involucr&oacute; a dos camiones que transitaban en el mismo sentido y en el cual perdi&oacute; la vida uno de los conductores. El accidente vial se registr&oacute; a la altura del kil&oacute;metro 208, cuando un [&hellip;]<\/p>\n","protected":false},"author":2,"featured_media":14196,"comment_status":"open","ping_status":"open","sticky":false,"template":"","format":"standard","meta":{"footnotes":""},"categories":[8,4],"tags":[120,521,924,457,189],"class_list":["post-14195","post","type-post","status-publish","format-standard","has-post-thumbnail","hentry","category-policiales","category-provinciales","tag-accidente","tag-autovia-14","tag-camiones","tag-muerto","tag-vial"],"_links":{"self":[{"href":"https:\/\/impactodenoticias.com.ar\/index.php?rest_route=\/wp\/v2\/posts\/14195","targetHints":{"allow":["GET"]}}],"collection":[{"href":"https:\/\/impactodenoticias.com.ar\/index.php?rest_route=\/wp\/v2\/posts"}],"about":[{"href":"https:\/\/impactodenoticias.com.ar\/index.php?rest_route=\/wp\/v2\/types\/post"}],"author":[{"embeddable":true,"href":"https:\/\/impactodenoticias.com.ar\/index.php?rest_route=\/wp\/v2\/users\/2"}],"replies":[{"embeddable":true,"href":"https:\/\/impactodenoticias.com.ar\/index.php?rest_route=%2Fwp%2Fv2%2Fcomments&post=14195"}],"version-history":[{"count":1,"href":"https:\/\/impactodenoticias.com.ar\/index.php?rest_route=\/wp\/v2\/posts\/14195\/revisions"}],"predecessor-version":[{"id":14197,"href":"https:\/\/impactodenoticias.com.ar\/index.php?rest_route=\/wp\/v2\/posts\/14195\/revisions\/14197"}],"wp:featuredmedia":[{"embeddable":true,"href":"https:\/\/impactodenoticias.com.ar\/index.php?rest_route=\/wp\/v2\/media\/14196"}],"wp:attachment":[{"href":"https:\/\/impactodenoticias.com.ar\/index.php?rest_route=%2Fwp%2Fv2%2Fmedia&parent=14195"}],"wp:term":[{"taxonomy":"category","embeddable":true,"href":"https:\/\/impactodenoticias.com.ar\/index.php?rest_route=%2Fwp%2Fv2%2Fcategories&post=14195"},{"taxonomy":"post_tag","embeddable":true,"href":"https:\/\/impactodenoticias.com.ar\/index.php?rest_route=%2Fwp%2Fv2%2Ftags&post=14195"}],"curies":[{"name":"wp","href":"https:\/\/api.w.org\/{rel}","templated":true}]}}