{"id":14206,"date":"2025-07-08T10:14:08","date_gmt":"2025-07-08T13:14:08","guid":{"rendered":"https:\/\/impactodenoticias.com.ar\/?p=14206"},"modified":"2025-07-08T10:14:08","modified_gmt":"2025-07-08T13:14:08","slug":"un-hombre-fue-abordado-por-delincuente-mientras-iba-a-su-lugar-de-trabajo-y-le-dispararon-en-la-mano-para-robarle","status":"publish","type":"post","link":"https:\/\/impactodenoticias.com.ar\/?p=14206","title":{"rendered":"Un hombre fue abordado por delincuente mientras iba a su lugar de trabajo y le dispararon en la mano para robarle"},"content":{"rendered":"\n<h2 class=\"wp-block-heading\">Un motociclista de 33 a\u00f1os, fue herido de bala en la madrugada de este mi\u00e9rcoles mientras se dirig\u00eda a su trabajo en la zona de 12 del Norte y Uncal en Concepci\u00f3n del Uruguay. El ataque se produjo alrededor de las 5:10 AM.<\/h2>\n\n\n\n<p>De acuerdo al relato de la v\u00edctima, detuvo su marcha debido por un desperfecto en su motocicleta. En ese momento, fue abordado por un masculino, quien durante un forcejeo, se produjo un disparo de arma de fuego que impact\u00f3 en la mano del motociclista. Otra persona que pasaba por el lugar asisti\u00f3 al herido y lo traslad\u00f3 r\u00e1pidamente al hospital.<\/p>\n\n\n\n<p>El m\u00e9dico policial de turno inform\u00f3 que el hombre sufri\u00f3 una lesi\u00f3n en la mano izquierda, con un orificio de entrada y salida, y una fractura menor. Su estado es estable y se encuentra en recuperaci\u00f3n.<\/p>\n\n\n\n<p>Personal de Comisar\u00eda Tercera, Inteligencia Criminal y la Division Criminal\u00edstica intervinieron en el lugar para llevar a cabo las pericias correspondientes para entender las formas y circunstancias en la que sucedi\u00f3 el hecho, adem\u00e1s informaron a la Fiscal\u00eda en turno.<\/p>\n","protected":false},"excerpt":{"rendered":"<p>Un motociclista de 33 a&ntilde;os, fue herido de bala en la madrugada de este mi&eacute;rcoles mientras se dirig&iacute;a a su trabajo en la zona de 12 del Norte y Uncal en Concepci&oacute;n del Uruguay. El ataque se produjo alrededor de las 5:10 AM. De acuerdo al relato de la v&iacute;ctima, detuvo su marcha debido por [&hellip;]<\/p>\n","protected":false},"author":2,"featured_media":14207,"comment_status":"open","ping_status":"open","sticky":false,"template":"","format":"standard","meta":{"footnotes":""},"categories":[8,4],"tags":[324,174,663,147,2513],"class_list":["post-14206","post","type-post","status-publish","format-standard","has-post-thumbnail","hentry","category-policiales","category-provinciales","tag-concepcion-del-uruguay","tag-delincuente","tag-disparo","tag-robo","tag-trabajador"],"_links":{"self":[{"href":"https:\/\/impactodenoticias.com.ar\/index.php?rest_route=\/wp\/v2\/posts\/14206","targetHints":{"allow":["GET"]}}],"collection":[{"href":"https:\/\/impactodenoticias.com.ar\/index.php?rest_route=\/wp\/v2\/posts"}],"about":[{"href":"https:\/\/impactodenoticias.com.ar\/index.php?rest_route=\/wp\/v2\/types\/post"}],"author":[{"embeddable":true,"href":"https:\/\/impactodenoticias.com.ar\/index.php?rest_route=\/wp\/v2\/users\/2"}],"replies":[{"embeddable":true,"href":"https:\/\/impactodenoticias.com.ar\/index.php?rest_route=%2Fwp%2Fv2%2Fcomments&post=14206"}],"version-history":[{"count":1,"href":"https:\/\/impactodenoticias.com.ar\/index.php?rest_route=\/wp\/v2\/posts\/14206\/revisions"}],"predecessor-version":[{"id":14208,"href":"https:\/\/impactodenoticias.com.ar\/index.php?rest_route=\/wp\/v2\/posts\/14206\/revisions\/14208"}],"wp:featuredmedia":[{"embeddable":true,"href":"https:\/\/impactodenoticias.com.ar\/index.php?rest_route=\/wp\/v2\/media\/14207"}],"wp:attachment":[{"href":"https:\/\/impactodenoticias.com.ar\/index.php?rest_route=%2Fwp%2Fv2%2Fmedia&parent=14206"}],"wp:term":[{"taxonomy":"category","embeddable":true,"href":"https:\/\/impactodenoticias.com.ar\/index.php?rest_route=%2Fwp%2Fv2%2Fcategories&post=14206"},{"taxonomy":"post_tag","embeddable":true,"href":"https:\/\/impactodenoticias.com.ar\/index.php?rest_route=%2Fwp%2Fv2%2Ftags&post=14206"}],"curies":[{"name":"wp","href":"https:\/\/api.w.org\/{rel}","templated":true}]}}