{"id":14230,"date":"2025-07-08T19:42:19","date_gmt":"2025-07-08T22:42:19","guid":{"rendered":"https:\/\/impactodenoticias.com.ar\/?p=14230"},"modified":"2025-07-08T19:42:19","modified_gmt":"2025-07-08T22:42:19","slug":"parana-un-sujeto-fue-arrestado-tras-amenazar-a-la-empleada-de-un-comercio-que-se-nego-a-ayudarlo","status":"publish","type":"post","link":"https:\/\/impactodenoticias.com.ar\/?p=14230","title":{"rendered":"Paran\u00e1: un sujeto fue arrestado tras amenazar a la empleada de un comercio que se neg\u00f3 a ayudarlo"},"content":{"rendered":"\n<h2 class=\"wp-block-heading\">Un hombre de 53 a\u00f1os fue detenido este martes por la ma\u00f1ana en Paran\u00e1, tras amenazar verbalmente a una empleada de un comercio ubicado sobre calle Col\u00f3n.<\/h2>\n\n\n\n<p>Seg\u00fan se inform\u00f3 a <strong>IMPACTO DE NOTICIAS<\/strong>, el hecho se registr\u00f3 cuando el hombre, quien frecuentemente solicitaba mercader\u00eda en el lugar, se enfureci\u00f3 al recibir una respuesta negativa por parte de la trabajadora.<\/p>\n\n\n\n<p>De acuerdo a la informaci\u00f3n brindada por fuentes policiales, el hombre reaccion\u00f3 con insultos y amenazas, llegando incluso a advertir sobre un posible robo futuro. La empleada, visiblemente afectada, expres\u00f3 que no era la primera vez que enfrentaba una situaci\u00f3n similar con esta persona.<\/p>\n\n\n\n<p>Alertados tras un llamado al 911, efectivos de la Comisar\u00eda Segunda acudieron r\u00e1pidamente al lugar y lograron interceptar al individuo en cercan\u00edas del local.<\/p>\n\n\n\n<p>Una vez informado el fiscal de turno, se dispuso su detenci\u00f3n y traslado a la Alcaid\u00eda de Tribunales, donde qued\u00f3 alojado a disposici\u00f3n de la Justicia bajo la imputaci\u00f3n de amenazas.<\/p>\n","protected":false},"excerpt":{"rendered":"<p>Un hombre de 53 a&ntilde;os fue detenido este martes por la ma&ntilde;ana en Paran&aacute;, tras amenazar verbalmente a una empleada de un comercio ubicado sobre calle Col&oacute;n. Seg&uacute;n se inform&oacute; a IMPACTO DE NOTICIAS, el hecho se registr&oacute; cuando el hombre, quien frecuentemente solicitaba mercader&iacute;a en el lugar, se enfureci&oacute; al recibir una respuesta negativa [&hellip;]<\/p>\n","protected":false},"author":2,"featured_media":14231,"comment_status":"open","ping_status":"open","sticky":false,"template":"","format":"standard","meta":{"footnotes":""},"categories":[3,8],"tags":[1004,1415,5356,146,95],"class_list":["post-14230","post","type-post","status-publish","format-standard","has-post-thumbnail","hentry","category-locales","category-policiales","tag-amenazas","tag-comercio","tag-empleada","tag-hombre","tag-parana"],"_links":{"self":[{"href":"https:\/\/impactodenoticias.com.ar\/index.php?rest_route=\/wp\/v2\/posts\/14230","targetHints":{"allow":["GET"]}}],"collection":[{"href":"https:\/\/impactodenoticias.com.ar\/index.php?rest_route=\/wp\/v2\/posts"}],"about":[{"href":"https:\/\/impactodenoticias.com.ar\/index.php?rest_route=\/wp\/v2\/types\/post"}],"author":[{"embeddable":true,"href":"https:\/\/impactodenoticias.com.ar\/index.php?rest_route=\/wp\/v2\/users\/2"}],"replies":[{"embeddable":true,"href":"https:\/\/impactodenoticias.com.ar\/index.php?rest_route=%2Fwp%2Fv2%2Fcomments&post=14230"}],"version-history":[{"count":1,"href":"https:\/\/impactodenoticias.com.ar\/index.php?rest_route=\/wp\/v2\/posts\/14230\/revisions"}],"predecessor-version":[{"id":14232,"href":"https:\/\/impactodenoticias.com.ar\/index.php?rest_route=\/wp\/v2\/posts\/14230\/revisions\/14232"}],"wp:featuredmedia":[{"embeddable":true,"href":"https:\/\/impactodenoticias.com.ar\/index.php?rest_route=\/wp\/v2\/media\/14231"}],"wp:attachment":[{"href":"https:\/\/impactodenoticias.com.ar\/index.php?rest_route=%2Fwp%2Fv2%2Fmedia&parent=14230"}],"wp:term":[{"taxonomy":"category","embeddable":true,"href":"https:\/\/impactodenoticias.com.ar\/index.php?rest_route=%2Fwp%2Fv2%2Fcategories&post=14230"},{"taxonomy":"post_tag","embeddable":true,"href":"https:\/\/impactodenoticias.com.ar\/index.php?rest_route=%2Fwp%2Fv2%2Ftags&post=14230"}],"curies":[{"name":"wp","href":"https:\/\/api.w.org\/{rel}","templated":true}]}}