{"id":14246,"date":"2025-07-09T11:25:56","date_gmt":"2025-07-09T14:25:56","guid":{"rendered":"https:\/\/impactodenoticias.com.ar\/?p=14246"},"modified":"2025-07-10T11:16:09","modified_gmt":"2025-07-10T14:16:09","slug":"concordia-el-municipio-sumario-a-una-empleada-de-inspeccion-general-que-habia-denunciado-violencia-y-persecucion-laboral","status":"publish","type":"post","link":"https:\/\/impactodenoticias.com.ar\/?p=14246","title":{"rendered":"Concordia: el municipio sumari\u00f3 a una empleada de Inspecci\u00f3n General que hab\u00eda denunciado violencia y persecuci\u00f3n laboral\u00a0"},"content":{"rendered":"\n<h2 class=\"wp-block-heading\">A trav\u00e9s del decreto 649\/2025, firmado por el intendente Francisco Azcu\u00e9 y el secretario de Gobierno Luciano Dell\u2019Olio, la Municipalidad de Concordia dispuso la apertura de un sumario administrativo contra Gabriela P. Panozzo Z\u00e9nere, agente de la Direcci\u00f3n de Inspecci\u00f3n General.<\/h2>\n\n\n\n<p>La acusan de haberse negado a realizar tareas de control de alcoholemia, una funci\u00f3n que \u2014seg\u00fan sostiene el Ejecutivo\u2014 forma parte del conjunto de actividades habituales del \u00e1rea. La versi\u00f3n de la empleada municipal pone en duda esa acusaci\u00f3n. Adem\u00e1s, un informe t\u00e9cnico aval\u00f3 las denuncias de violencia laboral contra Panozzo Z\u00e9nere y varios de sus compa\u00f1eros.<\/p>\n\n\n\n<p>En el centro de la foto, Gabriela Panozzo Z\u00e9nere, la sumariada agente de la Direcci\u00f3n de Inspecci\u00f3n General<\/p>\n\n\n\n<p>El decreto no brinda mayores detalles sobre el contexto ni los antecedentes del episodio. Se limita a indicar que la empleada se habr\u00eda rehusado a cumplir una orden directa de la directora del \u00e1rea, y que eso constituir\u00eda una falta grave, encuadrada en el art\u00edculo 31\u00b0 de la Ordenanza 11.275, inciso D, que contempla como causa de cesant\u00eda el incumplimiento de \u00f3rdenes jer\u00e1rquicas.<\/p>\n\n\n\n<p>Pero la versi\u00f3n de Panozzo Z\u00e9nere pone en duda esa acusaci\u00f3n. En di\u00e1logo con medios locales, la trabajadora se\u00f1al\u00f3 que desde el a\u00f1o 2023 no cobra el adicional correspondiente a quienes realizan controles de alcoholemia, una tarea que, y agreg\u00f3 que \u201cno es parte de las funciones ordinarias, sino que se realiza bajo c\u00f3digo extra\u201d. Precis\u00f3 que la ordenanza municipal 33.747 establece que el control de alcoholemia se ejecuta en eventos espec\u00edficos, como los concursos de Reinas y Reyes, y no como una labor diaria obligatoria. \u201cNo lo cobro en mis haberes desde hace m\u00e1s de un a\u00f1o. Esto es una operaci\u00f3n para sacarme, como dije el primer d\u00eda que hice mi descargo\u201d, asegur\u00f3.<\/p>\n\n\n\n<p>El decreto municipal firmado por Azcu\u00e9 y el secretario Dell \u2018Ollio indica que la agente present\u00f3 un descargo, pero evita precisar los fundamentos que esgrimi\u00f3. S\u00ed aclara que ser\u00e1 la Dra. Gisela Trentin, de la Direcci\u00f3n de Asuntos Jur\u00eddicos, quien instruir\u00e1 el sumario.<\/p>\n\n\n\n<p><\/p>\n\n\n\n<iframe loading=\"lazy\" src=\"https:\/\/www.facebook.com\/plugins\/post.php?href=https%3A%2F%2Fwww.facebook.com%2FGaby.Pzenere%2Fposts%2Fpfbid0ecxSVnWuGW9ZanpC9KDv5XLaJiNGqrmuHr3tbg8cXV3GvpUKkyTq1ps22QvG6wpJl&#038;show_text=true&#038;width=500\" width=\"500\" height=\"291\" style=\"border:none;overflow:hidden\" scrolling=\"no\" frameborder=\"0\" allowfullscreen=\"true\" allow=\"autoplay; clipboard-write; encrypted-media; picture-in-picture; web-share\"><\/iframe>\n\n\n\n<p><\/p>\n\n\n\n<p>El mismo d\u00eda de la firma del decreto, el pasado 26 de junio, la agente municipal hizo p\u00fablica una carta abierta en sus redes sociales donde denunci\u00f3 persecuci\u00f3n interna desde hace tiempo. En el posteo record\u00f3 un episodio de violencia ocurrido en su lugar de trabajo hace exactamente un a\u00f1o, que deriv\u00f3 en una restricci\u00f3n judicial contra una compa\u00f1era que \u2014seg\u00fan indic\u00f3\u2014 hoy ocupa un cargo jer\u00e1rquico en la misma gesti\u00f3n municipal. Asegur\u00f3 que pese a la intervenci\u00f3n del Ministerio de Trabajo y un informe t\u00e9cnico que aval\u00f3 las denuncias de violencia laboral realizadas por ella y por parte de varios compa\u00f1eros del \u00e1rea, la funcionaria implicada sigue siendo respaldada por el Ejecutivo.<\/p>\n\n\n\n<p>La carta expuso, adem\u00e1s, que desde entonces la situaci\u00f3n se agrav\u00f3. \u201cMe llamaron durante una semana para que firmara un traslado a otra oficina. Me negu\u00e9, y a partir de ah\u00ed comenzaron a perseguirme. Me descuentan parte del sueldo sin justificaci\u00f3n y armaron expedientes para ensuciar mi legajo\u201d, manifest\u00f3. \u201cNo invento nada, est\u00e1n mis recibos y mis expedientes iniciados\u201d, acot\u00f3.<\/p>\n\n\n\n<p>La empleada critic\u00f3 adem\u00e1s, el estilo de conducci\u00f3n del \u00e1rea, y apunt\u00f3 directamente contra la directora de Inspecci\u00f3n General: \u201cCuando uno pide licencia por estudio, responde \u2018a ver si dejan de estudiar\u2019. Ningunea el esfuerzo de quienes quieren superarse\u201d, se\u00f1al\u00f3. Y a\u00f1adi\u00f3: \u201cConfunden maltrato con rectitud. Pero hay un abismo de diferencia\u201d.<\/p>\n\n\n\n<p>En su descargo p\u00fablico, Panozzo Z\u00e9nere remarc\u00f3 que no teme al poder ni a las consecuencias: \u201cTengo una hija que todo lo ve y no pienso ense\u00f1arle desde el miedo y el silencio. Voy a defenderme administrativamente, personalmente y p\u00fablicamente\u201d, dispar\u00f3.<\/p>\n\n\n\n<p>Desde el gobierno municipal, en tanto, no se emitieron declaraciones p\u00fablicas sobre la situaci\u00f3n m\u00e1s all\u00e1 de lo establecido en el decreto. La causa administrativa sigue en tr\u00e1mite y, por ahora, no se conocen definiciones concretas.<\/p>\n\n\n\n<p>Lo cierto es que este nuevo sumario \u2014en una direcci\u00f3n ya marcada por conflictos previos\u2014 vuelve a poner en discusi\u00f3n el uso de los mecanismos disciplinarios en el Estado municipal que encabeza Azcu\u00e9. Diario Junio<\/p>\n","protected":false},"excerpt":{"rendered":"<p>A trav&eacute;s del decreto 649\/2025, firmado por el intendente Francisco Azcu&eacute; y el secretario de Gobierno Luciano Dell&rsquo;Olio, la Municipalidad de Concordia dispuso la apertura de un sumario administrativo contra Gabriela P. Panozzo Z&eacute;nere, agente de la Direcci&oacute;n de Inspecci&oacute;n General. La acusan de haberse negado a realizar tareas de control de alcoholemia, una funci&oacute;n [&hellip;]<\/p>\n","protected":false},"author":2,"featured_media":14247,"comment_status":"open","ping_status":"open","sticky":false,"template":"","format":"standard","meta":{"footnotes":""},"categories":[1902,11],"tags":[72,5356,40,5481,209,102,2986,1935],"class_list":["post-14246","post","type-post","status-publish","format-standard","has-post-thumbnail","hentry","category-municipales","category-politica","tag-concordia","tag-empleada","tag-francisco-azcue","tag-gabriela-p-panozzo-zenere","tag-laboral","tag-municipalidad","tag-persecucion","tag-sumario"],"_links":{"self":[{"href":"https:\/\/impactodenoticias.com.ar\/index.php?rest_route=\/wp\/v2\/posts\/14246","targetHints":{"allow":["GET"]}}],"collection":[{"href":"https:\/\/impactodenoticias.com.ar\/index.php?rest_route=\/wp\/v2\/posts"}],"about":[{"href":"https:\/\/impactodenoticias.com.ar\/index.php?rest_route=\/wp\/v2\/types\/post"}],"author":[{"embeddable":true,"href":"https:\/\/impactodenoticias.com.ar\/index.php?rest_route=\/wp\/v2\/users\/2"}],"replies":[{"embeddable":true,"href":"https:\/\/impactodenoticias.com.ar\/index.php?rest_route=%2Fwp%2Fv2%2Fcomments&post=14246"}],"version-history":[{"count":1,"href":"https:\/\/impactodenoticias.com.ar\/index.php?rest_route=\/wp\/v2\/posts\/14246\/revisions"}],"predecessor-version":[{"id":14248,"href":"https:\/\/impactodenoticias.com.ar\/index.php?rest_route=\/wp\/v2\/posts\/14246\/revisions\/14248"}],"wp:featuredmedia":[{"embeddable":true,"href":"https:\/\/impactodenoticias.com.ar\/index.php?rest_route=\/wp\/v2\/media\/14247"}],"wp:attachment":[{"href":"https:\/\/impactodenoticias.com.ar\/index.php?rest_route=%2Fwp%2Fv2%2Fmedia&parent=14246"}],"wp:term":[{"taxonomy":"category","embeddable":true,"href":"https:\/\/impactodenoticias.com.ar\/index.php?rest_route=%2Fwp%2Fv2%2Fcategories&post=14246"},{"taxonomy":"post_tag","embeddable":true,"href":"https:\/\/impactodenoticias.com.ar\/index.php?rest_route=%2Fwp%2Fv2%2Ftags&post=14246"}],"curies":[{"name":"wp","href":"https:\/\/api.w.org\/{rel}","templated":true}]}}