{"id":14274,"date":"2025-07-11T12:06:41","date_gmt":"2025-07-11T15:06:41","guid":{"rendered":"https:\/\/impactodenoticias.com.ar\/?p=14274"},"modified":"2025-07-11T12:06:41","modified_gmt":"2025-07-11T15:06:41","slug":"una-pareja-oriunda-de-parana-protagonizo-un-accidente-vial-en-la-ruta-18-en-jurisdiccion-de-general-campos","status":"publish","type":"post","link":"https:\/\/impactodenoticias.com.ar\/?p=14274","title":{"rendered":"Una pareja oriunda de Paran\u00e1 protagoniz\u00f3 un accidente vial en la Ruta 18 en jurisdicci\u00f3n de General Campos"},"content":{"rendered":"\n<h2 class=\"wp-block-heading\">Embistieron un mont\u00edculo de tierra en una zona que no est\u00e1 habilitada. El siniestro vial se registr\u00f3 durante la madrugada de este viernes.<\/h2>\n\n\n\n<p>El hombre de 61 a\u00f1os se trasladaba en una camioneta Volkswagen, modelo Amarok, y circulaba en direcci\u00f3n este por un sector que se encuentra inhabilitado. Al no advertir un mont\u00edculo de tierra que corta la ruta, impact\u00f3 violentamente de frente. El siniestro vial se registr\u00f3 en jurisdicci\u00f3n de Comisar\u00eda General Campos, mas precisamente en el km 216.<\/p>\n\n\n\n<p>Los ocupantes se\u00f1alaron que ten\u00edan dolor en la zona del pecho, donde pasaba el cintur\u00f3n de seguridad y por la activaci\u00f3n de los airbag. Fueron trasladados por la ambulancia, examinados en el Hospital local con lesiones leves.<\/p>\n","protected":false},"excerpt":{"rendered":"<p>Embistieron un mont&iacute;culo de tierra en una zona que no est&aacute; habilitada. El siniestro vial se registr&oacute; durante la madrugada de este viernes. El hombre de 61 a&ntilde;os se trasladaba en una camioneta Volkswagen, modelo Amarok, y circulaba en direcci&oacute;n este por un sector que se encuentra inhabilitado. Al no advertir un mont&iacute;culo de tierra [&hellip;]<\/p>\n","protected":false},"author":2,"featured_media":14275,"comment_status":"open","ping_status":"open","sticky":false,"template":"","format":"standard","meta":{"footnotes":""},"categories":[8,4],"tags":[120,315,394,1854],"class_list":["post-14274","post","type-post","status-publish","format-standard","has-post-thumbnail","hentry","category-policiales","category-provinciales","tag-accidente","tag-general-campos","tag-heridos","tag-ruta-18"],"_links":{"self":[{"href":"https:\/\/impactodenoticias.com.ar\/index.php?rest_route=\/wp\/v2\/posts\/14274","targetHints":{"allow":["GET"]}}],"collection":[{"href":"https:\/\/impactodenoticias.com.ar\/index.php?rest_route=\/wp\/v2\/posts"}],"about":[{"href":"https:\/\/impactodenoticias.com.ar\/index.php?rest_route=\/wp\/v2\/types\/post"}],"author":[{"embeddable":true,"href":"https:\/\/impactodenoticias.com.ar\/index.php?rest_route=\/wp\/v2\/users\/2"}],"replies":[{"embeddable":true,"href":"https:\/\/impactodenoticias.com.ar\/index.php?rest_route=%2Fwp%2Fv2%2Fcomments&post=14274"}],"version-history":[{"count":1,"href":"https:\/\/impactodenoticias.com.ar\/index.php?rest_route=\/wp\/v2\/posts\/14274\/revisions"}],"predecessor-version":[{"id":14276,"href":"https:\/\/impactodenoticias.com.ar\/index.php?rest_route=\/wp\/v2\/posts\/14274\/revisions\/14276"}],"wp:featuredmedia":[{"embeddable":true,"href":"https:\/\/impactodenoticias.com.ar\/index.php?rest_route=\/wp\/v2\/media\/14275"}],"wp:attachment":[{"href":"https:\/\/impactodenoticias.com.ar\/index.php?rest_route=%2Fwp%2Fv2%2Fmedia&parent=14274"}],"wp:term":[{"taxonomy":"category","embeddable":true,"href":"https:\/\/impactodenoticias.com.ar\/index.php?rest_route=%2Fwp%2Fv2%2Fcategories&post=14274"},{"taxonomy":"post_tag","embeddable":true,"href":"https:\/\/impactodenoticias.com.ar\/index.php?rest_route=%2Fwp%2Fv2%2Ftags&post=14274"}],"curies":[{"name":"wp","href":"https:\/\/api.w.org\/{rel}","templated":true}]}}