{"id":14277,"date":"2025-07-11T19:43:57","date_gmt":"2025-07-11T22:43:57","guid":{"rendered":"https:\/\/impactodenoticias.com.ar\/?p=14277"},"modified":"2025-07-13T10:24:23","modified_gmt":"2025-07-13T13:24:23","slug":"encuesta-sacude-al-gobierno-de-diamante-gieco-con-baja-imagen-y-el-pj-como-favorito","status":"publish","type":"post","link":"https:\/\/impactodenoticias.com.ar\/?p=14277","title":{"rendered":"Encuesta sacude al gobierno de Diamante: Gieco con baja imagen y el PJ como favorito"},"content":{"rendered":"\n<h2 class=\"wp-block-heading\">Una reciente encuesta revel\u00f3 un fuerte descontento con la gesti\u00f3n del intendente Ezio Gieco, cuya imagen positiva apenas alcanza el 30%.<\/h2>\n\n\n\n<p>Los datos, que generaron conmoci\u00f3n en el gabinete municipal, muestran un escenario adverso para el oficialismo, mientras cobran fuerza el Partido Justicialista con un 55%.<\/p>\n\n\n\n<p>Adem\u00e1s del Justicialismo, En contraste, La Libertad Avanza apenas logra un 10%, evidenciando una brecha significativa entre los posibles favoritos electoralmente.<\/p>\n\n\n\n<p>Los resultados llegaron hasta el gobernador Rogelio Frigerio, quien recibi\u00f3 con preocupaci\u00f3n los n\u00fameros no solo por la situaci\u00f3n en Diamante, sino por el impacto en su propia imagen, que tambi\u00e9n registra una ca\u00edda. Fuentes cercanas al mandatario confirmaron que su visita a la ciudad el pasado 9 de julio tuvo como objetivo presionar a Gieco para revertir el declive en su aprobaci\u00f3n.<\/p>\n\n\n\n<p>La gesti\u00f3n de Gieco enfrenta m\u00faltiples reclamos vecinales, desde la falta de luminaria y servicios b\u00e1sicos hasta la cr\u00edtica situaci\u00f3n del cementerio, donde la escasez de nichos se ha convertido en un problema urgente. Estas demandas insatisfechas han alimentado el malestar ciudadano, reflejado en los n\u00fameros de la encuesta.<\/p>\n\n\n\n<p>Con el escenario pol\u00edtico en movimiento, el PJ se perfila como favorito de cara a las pr\u00f3ximas elecciones. Mientras tanto, el oficialismo busca estrategias para recuperar terreno en una ciudad donde el desencanto parece ganar cada vez m\u00e1s espacio.<\/p>\n","protected":false},"excerpt":{"rendered":"<p>Una reciente encuesta revel&oacute; un fuerte descontento con la gesti&oacute;n del intendente Ezio Gieco, cuya imagen positiva apenas alcanza el 30%. Los datos, que generaron conmoci&oacute;n en el gabinete municipal, muestran un escenario adverso para el oficialismo, mientras cobran fuerza el Partido Justicialista con un 55%. Adem&aacute;s del Justicialismo, En contraste, La Libertad Avanza apenas [&hellip;]<\/p>\n","protected":false},"author":2,"featured_media":14278,"comment_status":"open","ping_status":"open","sticky":false,"template":"","format":"standard","meta":{"footnotes":""},"categories":[11,4],"tags":[73,5491,356,644,382,39],"class_list":["post-14277","post","type-post","status-publish","format-standard","has-post-thumbnail","hentry","category-politica","category-provinciales","tag-diamante","tag-encuesta","tag-ezio-gieco","tag-libertad-avanza","tag-pj","tag-rogelio-frigerio"],"_links":{"self":[{"href":"https:\/\/impactodenoticias.com.ar\/index.php?rest_route=\/wp\/v2\/posts\/14277","targetHints":{"allow":["GET"]}}],"collection":[{"href":"https:\/\/impactodenoticias.com.ar\/index.php?rest_route=\/wp\/v2\/posts"}],"about":[{"href":"https:\/\/impactodenoticias.com.ar\/index.php?rest_route=\/wp\/v2\/types\/post"}],"author":[{"embeddable":true,"href":"https:\/\/impactodenoticias.com.ar\/index.php?rest_route=\/wp\/v2\/users\/2"}],"replies":[{"embeddable":true,"href":"https:\/\/impactodenoticias.com.ar\/index.php?rest_route=%2Fwp%2Fv2%2Fcomments&post=14277"}],"version-history":[{"count":1,"href":"https:\/\/impactodenoticias.com.ar\/index.php?rest_route=\/wp\/v2\/posts\/14277\/revisions"}],"predecessor-version":[{"id":14279,"href":"https:\/\/impactodenoticias.com.ar\/index.php?rest_route=\/wp\/v2\/posts\/14277\/revisions\/14279"}],"wp:featuredmedia":[{"embeddable":true,"href":"https:\/\/impactodenoticias.com.ar\/index.php?rest_route=\/wp\/v2\/media\/14278"}],"wp:attachment":[{"href":"https:\/\/impactodenoticias.com.ar\/index.php?rest_route=%2Fwp%2Fv2%2Fmedia&parent=14277"}],"wp:term":[{"taxonomy":"category","embeddable":true,"href":"https:\/\/impactodenoticias.com.ar\/index.php?rest_route=%2Fwp%2Fv2%2Fcategories&post=14277"},{"taxonomy":"post_tag","embeddable":true,"href":"https:\/\/impactodenoticias.com.ar\/index.php?rest_route=%2Fwp%2Fv2%2Ftags&post=14277"}],"curies":[{"name":"wp","href":"https:\/\/api.w.org\/{rel}","templated":true}]}}