{"id":14292,"date":"2025-07-12T19:29:50","date_gmt":"2025-07-12T22:29:50","guid":{"rendered":"https:\/\/impactodenoticias.com.ar\/?p=14292"},"modified":"2025-07-12T19:29:50","modified_gmt":"2025-07-12T22:29:50","slug":"autovia-gervasio-artigas-un-automovil-despisto-y-termino-volcando","status":"publish","type":"post","link":"https:\/\/impactodenoticias.com.ar\/?p=14292","title":{"rendered":"Autov\u00eda Gervasio Artigas: un autom\u00f3vil despist\u00f3 y termin\u00f3 volcando"},"content":{"rendered":"\n<h2 class=\"wp-block-heading\">En la tarde de este s\u00e1bado, alrededor de las 14:40, personal de Comisar\u00eda de Colonia Ayui, se hizo presente en la Autov\u00eda Gervasio Artigas Km 738 por el despiste y vuelco de un autom\u00f3vil.<\/h2>\n\n\n\n<p>El veh\u00edculo marca Chevrolet Tracker, circulaba en direcci\u00f3n Norte-Sur, cuando perdi\u00f3 el control, se despist\u00f3 y termin\u00f3 volcado sobre la mano contraria de la Autov\u00eda.<\/p>\n\n\n\n<p><\/p>\n\n\n\n<figure class=\"wp-block-image size-full\"><img loading=\"lazy\" decoding=\"async\" width=\"572\" height=\"389\" src=\"https:\/\/impactodenoticias.com.ar\/wp-content\/uploads\/2025\/07\/Un-vehiculo-despisto-y-volco-en-la-Autovia-Gervasio-Artigas-1.png\" alt=\"\" class=\"wp-image-14294\" srcset=\"https:\/\/impactodenoticias.com.ar\/wp-content\/uploads\/2025\/07\/Un-vehiculo-despisto-y-volco-en-la-Autovia-Gervasio-Artigas-1.png 572w, https:\/\/impactodenoticias.com.ar\/wp-content\/uploads\/2025\/07\/Un-vehiculo-despisto-y-volco-en-la-Autovia-Gervasio-Artigas-1-300x204.png 300w\" sizes=\"auto, (max-width: 572px) 100vw, 572px\" \/><\/figure>\n\n\n\n<p><\/p>\n\n\n\n<p>En el rodado circulaban cincos ocupantes oriundos de San Vicente, Misiones y se dirig\u00edan hacia la provincia de Buenos Aires.<\/p>\n\n\n\n<p>Dos mujeres de 71 y 82 a\u00f1os de edad fueron trasladadas al Hospital Masvernat por se\u00f1alar dolores en diversas partes del cuerpo.<\/p>\n","protected":false},"excerpt":{"rendered":"<p>En la tarde de este s&aacute;bado, alrededor de las 14:40, personal de Comisar&iacute;a de Colonia Ayui, se hizo presente en la Autov&iacute;a Gervasio Artigas Km 738 por el despiste y vuelco de un autom&oacute;vil. El veh&iacute;culo marca Chevrolet Tracker, circulaba en direcci&oacute;n Norte-Sur, cuando perdi&oacute; el control, se despist&oacute; y termin&oacute; volcado sobre la mano [&hellip;]<\/p>\n","protected":false},"author":2,"featured_media":14293,"comment_status":"open","ping_status":"open","sticky":false,"template":"","format":"standard","meta":{"footnotes":""},"categories":[8,4],"tags":[5496,839,569,336],"class_list":["post-14292","post","type-post","status-publish","format-standard","has-post-thumbnail","hentry","category-policiales","category-provinciales","tag-autovia-gervasio-artigas","tag-colonia-ayui","tag-despiste","tag-vuelco"],"_links":{"self":[{"href":"https:\/\/impactodenoticias.com.ar\/index.php?rest_route=\/wp\/v2\/posts\/14292","targetHints":{"allow":["GET"]}}],"collection":[{"href":"https:\/\/impactodenoticias.com.ar\/index.php?rest_route=\/wp\/v2\/posts"}],"about":[{"href":"https:\/\/impactodenoticias.com.ar\/index.php?rest_route=\/wp\/v2\/types\/post"}],"author":[{"embeddable":true,"href":"https:\/\/impactodenoticias.com.ar\/index.php?rest_route=\/wp\/v2\/users\/2"}],"replies":[{"embeddable":true,"href":"https:\/\/impactodenoticias.com.ar\/index.php?rest_route=%2Fwp%2Fv2%2Fcomments&post=14292"}],"version-history":[{"count":1,"href":"https:\/\/impactodenoticias.com.ar\/index.php?rest_route=\/wp\/v2\/posts\/14292\/revisions"}],"predecessor-version":[{"id":14295,"href":"https:\/\/impactodenoticias.com.ar\/index.php?rest_route=\/wp\/v2\/posts\/14292\/revisions\/14295"}],"wp:featuredmedia":[{"embeddable":true,"href":"https:\/\/impactodenoticias.com.ar\/index.php?rest_route=\/wp\/v2\/media\/14293"}],"wp:attachment":[{"href":"https:\/\/impactodenoticias.com.ar\/index.php?rest_route=%2Fwp%2Fv2%2Fmedia&parent=14292"}],"wp:term":[{"taxonomy":"category","embeddable":true,"href":"https:\/\/impactodenoticias.com.ar\/index.php?rest_route=%2Fwp%2Fv2%2Fcategories&post=14292"},{"taxonomy":"post_tag","embeddable":true,"href":"https:\/\/impactodenoticias.com.ar\/index.php?rest_route=%2Fwp%2Fv2%2Ftags&post=14292"}],"curies":[{"name":"wp","href":"https:\/\/api.w.org\/{rel}","templated":true}]}}