{"id":14306,"date":"2025-07-13T10:08:35","date_gmt":"2025-07-13T13:08:35","guid":{"rendered":"https:\/\/impactodenoticias.com.ar\/?p=14306"},"modified":"2025-07-14T10:49:08","modified_gmt":"2025-07-14T13:49:08","slug":"salto-grande-informan-que-el-rio-uruguay-ya-no-seguira-creciendo","status":"publish","type":"post","link":"https:\/\/impactodenoticias.com.ar\/?p=14306","title":{"rendered":"Salto Grande: informan que el r\u00edo Uruguay ya no seguir\u00e1 creciendo"},"content":{"rendered":"\n<h2 class=\"wp-block-heading\">Por medio de un comunicado la Comisi\u00f3n T\u00e9cnica Mixta de Salto Grande, comunic\u00f3 que el r\u00edo Uruguay ya no seguir\u00e1 creciendo y que comenz\u00f3 su etapa de descenso.<\/h2>\n\n\n\n<p>Desde Salto Grande informaron la finalizaci\u00f3n de la crecida del Uruguay. El descenso del nivel del r\u00edo -que comenz\u00f3 en Concordia y Salto el viernes 4 de julio- ya es notorio, con las aguas abandonando el valle de inundaci\u00f3n y volviendo al cauce principal.<\/p>\n\n\n\n<p>Este mismo descenso sostenido se puede bservar en las localidades ubicadas m\u00e1s al sur, con un desfasaje temporal de aproximadamente un d\u00eda, indican.<\/p>\n\n\n\n<p>El nivel del embalse de Salto Grande ha vuelto a valores m\u00e1s habituales. R\u00e1pidamente la situaci\u00f3n h\u00eddrica se ir\u00e1 normalizando, al no haber previsiones de lluvias significativas en la cuenca para los pr\u00f3ximos cuatro d\u00edas, destacaron desde Salto Grande.<\/p>\n\n\n\n<p>Se estima que, llegando al martes pr\u00f3ximo, los niveles estar\u00e1n dentro de los habituales para los meses invernales, en todas las localidades costeras.<\/p>\n","protected":false},"excerpt":{"rendered":"<p>Por medio de un comunicado la Comisi&oacute;n T&eacute;cnica Mixta de Salto Grande, comunic&oacute; que el r&iacute;o Uruguay ya no seguir&aacute; creciendo y que comenz&oacute; su etapa de descenso. Desde Salto Grande informaron la finalizaci&oacute;n de la crecida del Uruguay. El descenso del nivel del r&iacute;o -que comenz&oacute; en Concordia y Salto el viernes 4 de [&hellip;]<\/p>\n","protected":false},"author":2,"featured_media":14307,"comment_status":"open","ping_status":"open","sticky":false,"template":"","format":"standard","meta":{"footnotes":""},"categories":[4,49],"tags":[5498,1650,938],"class_list":["post-14306","post","type-post","status-publish","format-standard","has-post-thumbnail","hentry","category-provinciales","category-sociedad","tag-descenso","tag-rio-uruguay","tag-salto-grande"],"_links":{"self":[{"href":"https:\/\/impactodenoticias.com.ar\/index.php?rest_route=\/wp\/v2\/posts\/14306","targetHints":{"allow":["GET"]}}],"collection":[{"href":"https:\/\/impactodenoticias.com.ar\/index.php?rest_route=\/wp\/v2\/posts"}],"about":[{"href":"https:\/\/impactodenoticias.com.ar\/index.php?rest_route=\/wp\/v2\/types\/post"}],"author":[{"embeddable":true,"href":"https:\/\/impactodenoticias.com.ar\/index.php?rest_route=\/wp\/v2\/users\/2"}],"replies":[{"embeddable":true,"href":"https:\/\/impactodenoticias.com.ar\/index.php?rest_route=%2Fwp%2Fv2%2Fcomments&post=14306"}],"version-history":[{"count":1,"href":"https:\/\/impactodenoticias.com.ar\/index.php?rest_route=\/wp\/v2\/posts\/14306\/revisions"}],"predecessor-version":[{"id":14308,"href":"https:\/\/impactodenoticias.com.ar\/index.php?rest_route=\/wp\/v2\/posts\/14306\/revisions\/14308"}],"wp:featuredmedia":[{"embeddable":true,"href":"https:\/\/impactodenoticias.com.ar\/index.php?rest_route=\/wp\/v2\/media\/14307"}],"wp:attachment":[{"href":"https:\/\/impactodenoticias.com.ar\/index.php?rest_route=%2Fwp%2Fv2%2Fmedia&parent=14306"}],"wp:term":[{"taxonomy":"category","embeddable":true,"href":"https:\/\/impactodenoticias.com.ar\/index.php?rest_route=%2Fwp%2Fv2%2Fcategories&post=14306"},{"taxonomy":"post_tag","embeddable":true,"href":"https:\/\/impactodenoticias.com.ar\/index.php?rest_route=%2Fwp%2Fv2%2Ftags&post=14306"}],"curies":[{"name":"wp","href":"https:\/\/api.w.org\/{rel}","templated":true}]}}