{"id":14317,"date":"2025-07-14T10:30:58","date_gmt":"2025-07-14T13:30:58","guid":{"rendered":"https:\/\/impactodenoticias.com.ar\/?p=14317"},"modified":"2025-07-14T10:30:58","modified_gmt":"2025-07-14T13:30:58","slug":"la-paz-detenidos-y-secuestro-de-estupefacientes-en-medio-de-una-pelea-entre-grupos-de-dos-barrios","status":"publish","type":"post","link":"https:\/\/impactodenoticias.com.ar\/?p=14317","title":{"rendered":"La Paz: detenidos y secuestro de estupefacientes en medio de una pelea entre grupos de dos barrios"},"content":{"rendered":"\n<h2 class=\"wp-block-heading\">Se trat\u00f3 de \u201cun desorden generalizado entre grupos de los barrios Congo y Sin Ley\u201d, indicaron desde la Departamental La Paz de Polic\u00eda.<\/h2>\n\n\n\n<p>Cuando los agentes llegaron al lugar, \u201cvarias personas se encontraban en plena gresca y, al intentar disuadirlos, algunos de los involucrados comenzaron a arrojar piedras contra m\u00f3viles y efectivos\u201d por lo que la confrontaci\u00f3n se extendi\u00f3 hasta calle Mart\u00edn Rodr\u00edguez, se\u00f1alaron desde la fuerza policial.<\/p>\n\n\n\n<p>Luego, con la colaboraci\u00f3n de la Guardia Especial, \u201cse logr\u00f3 identificar y aprehender a dos sujetos que se encontraban agrediendo activamente al personal policial\u201c, fueron trasladados a la Jefatura Departamental, al tiempo que \u201ctambi\u00e9n se identific\u00f3 a un ciudadano que presentaba lesiones compatibles con una agresi\u00f3n atribu\u00edda a los mismos aprehendidos\u201d, agregaron.<\/p>\n\n\n\n<p>Durante la requisa, \u201cse hallaron, entre las prendas de uno de los detenidos, envoltorios con una sustancia vegetal similar a cannabis, por lo que se secuestr\u00f3 el material y se dio intervenci\u00f3n de la Divisi\u00f3n Drogas Peligrosas para su an\u00e1lisis\u201d, destacaron.<\/p>\n\n\n\n<p>Por disposici\u00f3n de la Unidad Fiscal de La Paz, ambos sujetos permanecen detenidos y se contin\u00faa con la investigaci\u00f3n del hecho, que incluye la recopilaci\u00f3n de testimonios, c\u00e1maras de vigilancia y pericias, entre otras tareas.<\/p>\n","protected":false},"excerpt":{"rendered":"<p>Se trat&oacute; de &ldquo;un desorden generalizado entre grupos de los barrios Congo y Sin Ley&rdquo;, indicaron desde la Departamental La Paz de Polic&iacute;a. Cuando los agentes llegaron al lugar, &ldquo;varias personas se encontraban en plena gresca y, al intentar disuadirlos, algunos de los involucrados comenzaron a arrojar piedras contra m&oacute;viles y efectivos&rdquo; por lo que [&hellip;]<\/p>\n","protected":false},"author":2,"featured_media":14318,"comment_status":"open","ping_status":"open","sticky":false,"template":"","format":"standard","meta":{"footnotes":""},"categories":[8,4],"tags":[138,412,695,429],"class_list":["post-14317","post","type-post","status-publish","format-standard","has-post-thumbnail","hentry","category-policiales","category-provinciales","tag-detenidos","tag-drogas","tag-la-paz","tag-pelea"],"_links":{"self":[{"href":"https:\/\/impactodenoticias.com.ar\/index.php?rest_route=\/wp\/v2\/posts\/14317","targetHints":{"allow":["GET"]}}],"collection":[{"href":"https:\/\/impactodenoticias.com.ar\/index.php?rest_route=\/wp\/v2\/posts"}],"about":[{"href":"https:\/\/impactodenoticias.com.ar\/index.php?rest_route=\/wp\/v2\/types\/post"}],"author":[{"embeddable":true,"href":"https:\/\/impactodenoticias.com.ar\/index.php?rest_route=\/wp\/v2\/users\/2"}],"replies":[{"embeddable":true,"href":"https:\/\/impactodenoticias.com.ar\/index.php?rest_route=%2Fwp%2Fv2%2Fcomments&post=14317"}],"version-history":[{"count":1,"href":"https:\/\/impactodenoticias.com.ar\/index.php?rest_route=\/wp\/v2\/posts\/14317\/revisions"}],"predecessor-version":[{"id":14319,"href":"https:\/\/impactodenoticias.com.ar\/index.php?rest_route=\/wp\/v2\/posts\/14317\/revisions\/14319"}],"wp:featuredmedia":[{"embeddable":true,"href":"https:\/\/impactodenoticias.com.ar\/index.php?rest_route=\/wp\/v2\/media\/14318"}],"wp:attachment":[{"href":"https:\/\/impactodenoticias.com.ar\/index.php?rest_route=%2Fwp%2Fv2%2Fmedia&parent=14317"}],"wp:term":[{"taxonomy":"category","embeddable":true,"href":"https:\/\/impactodenoticias.com.ar\/index.php?rest_route=%2Fwp%2Fv2%2Fcategories&post=14317"},{"taxonomy":"post_tag","embeddable":true,"href":"https:\/\/impactodenoticias.com.ar\/index.php?rest_route=%2Fwp%2Fv2%2Ftags&post=14317"}],"curies":[{"name":"wp","href":"https:\/\/api.w.org\/{rel}","templated":true}]}}