{"id":14329,"date":"2025-07-14T12:52:22","date_gmt":"2025-07-14T15:52:22","guid":{"rendered":"https:\/\/impactodenoticias.com.ar\/?p=14329"},"modified":"2025-07-15T10:06:37","modified_gmt":"2025-07-15T13:06:37","slug":"casaretto-compartio-en-sus-redes-sociales-que-cortaron-la-luz-a-la-casa-de-entre-rios-en-caba","status":"publish","type":"post","link":"https:\/\/impactodenoticias.com.ar\/?p=14329","title":{"rendered":"Casaretto comparti\u00f3 en sus redes sociales que cortaron la luz a la Casa de Entre R\u00edos en CABA"},"content":{"rendered":"\n<h2 class=\"wp-block-heading\">Este lunes, la Casa de Entre R\u00edos en la Ciudad Aut\u00f3noma de Buenos Aires sufri\u00f3 un corte en el suministro de energ\u00eda el\u00e9ctrica, provocado por una interrupci\u00f3n de EDESUR por \u00abfalta de pago\u00bb. La situaci\u00f3n fue dada a conocer p\u00fablicamente por el exdiputado nacional Marcelo Casaretto, quien difundi\u00f3 el episodio en sus redes sociales.<\/h2>\n\n\n\n<p>La publicaci\u00f3n se viraliz\u00f3 r\u00e1pidamente y desat\u00f3 repercusiones tanto en el plano pol\u00edtico como institucional, ya que la Casa de Entre R\u00edos funciona como representaci\u00f3n oficial del Gobierno provincial en la capital del pa\u00eds, brindando atenci\u00f3n a estudiantes, residentes y p\u00fablico en general.<\/p>\n\n\n\n<p><\/p>\n\n\n\n<blockquote class=\"twitter-tweet\"><p lang=\"es\" dir=\"ltr\">\u26d4 VERG\u00dcENZA! EDESUR cort\u00f3 HOY la energ\u00eda a la Casa de Entre R\u00edos en Buenos Aires. A FRIGERIO se le apagaron las luces.. y Entre R\u00edos sufre la falta de gesti\u00f3n de su Gobierno. <a href=\"https:\/\/twitter.com\/frigeriorogelio?ref_src=twsrc%5Etfw\">@frigeriorogelio<\/a> <a href=\"https:\/\/t.co\/vaqR8BdDyW\">pic.twitter.com\/vaqR8BdDyW<\/a><\/p>&mdash; Marcelo Casaretto (@mpcasaretto) <a href=\"https:\/\/twitter.com\/mpcasaretto\/status\/1944755837588635931?ref_src=twsrc%5Etfw\">July 14, 2025<\/a><\/blockquote> <script async src=\"https:\/\/platform.twitter.com\/widgets.js\" charset=\"utf-8\"><\/script>\n\n\n\n<p><\/p>\n\n\n\n<p>Casaretto, dirigente del justicialismo entrerriano, no solo denunci\u00f3 el corte de luz, sino que adem\u00e1s vincul\u00f3 el episodio con la administraci\u00f3n actual de la provincia, encabezada por Rogelio Frigerio, en un mensaje que combin\u00f3 cr\u00edtica pol\u00edtica con iron\u00eda.<\/p>\n\n\n\n<p>Por ahora, el Gobierno de Entre R\u00edos no emiti\u00f3 una comunicaci\u00f3n oficial sobre el corte, el motivo de la falta de pago ni los plazos para el restablecimiento del servicio. No hubo declaraciones de funcionarios provinciales en respuesta a la noticia del exlegislador.<\/p>\n\n\n\n<p>Elsta situaci\u00f3n se da en un contexto de fuerte ajuste fiscal, recorte de partidas y dificultades financieras que atraviesan varias administraciones provinciales, en medio de las pol\u00edticas de contenci\u00f3n del gasto impulsadas por el Gobierno central.<\/p>\n","protected":false},"excerpt":{"rendered":"<p>Este lunes, la Casa de Entre R&iacute;os en la Ciudad Aut&oacute;noma de Buenos Aires sufri&oacute; un corte en el suministro de energ&iacute;a el&eacute;ctrica, provocado por una interrupci&oacute;n de EDESUR por &laquo;falta de pago&raquo;. La situaci&oacute;n fue dada a conocer p&uacute;blicamente por el exdiputado nacional Marcelo Casaretto, quien difundi&oacute; el episodio en sus redes sociales. La [&hellip;]<\/p>\n","protected":false},"author":2,"featured_media":14330,"comment_status":"open","ping_status":"open","sticky":false,"template":"","format":"standard","meta":{"footnotes":""},"categories":[11,4],"tags":[5504,5503,882,5505,2436,82,225,346],"class_list":["post-14329","post","type-post","status-publish","format-standard","has-post-thumbnail","hentry","category-politica","category-provinciales","tag-caba","tag-casa-entre-rios","tag-corte","tag-edesur","tag-falta","tag-luz","tag-marcelo-casaretto","tag-pago"],"_links":{"self":[{"href":"https:\/\/impactodenoticias.com.ar\/index.php?rest_route=\/wp\/v2\/posts\/14329","targetHints":{"allow":["GET"]}}],"collection":[{"href":"https:\/\/impactodenoticias.com.ar\/index.php?rest_route=\/wp\/v2\/posts"}],"about":[{"href":"https:\/\/impactodenoticias.com.ar\/index.php?rest_route=\/wp\/v2\/types\/post"}],"author":[{"embeddable":true,"href":"https:\/\/impactodenoticias.com.ar\/index.php?rest_route=\/wp\/v2\/users\/2"}],"replies":[{"embeddable":true,"href":"https:\/\/impactodenoticias.com.ar\/index.php?rest_route=%2Fwp%2Fv2%2Fcomments&post=14329"}],"version-history":[{"count":1,"href":"https:\/\/impactodenoticias.com.ar\/index.php?rest_route=\/wp\/v2\/posts\/14329\/revisions"}],"predecessor-version":[{"id":14331,"href":"https:\/\/impactodenoticias.com.ar\/index.php?rest_route=\/wp\/v2\/posts\/14329\/revisions\/14331"}],"wp:featuredmedia":[{"embeddable":true,"href":"https:\/\/impactodenoticias.com.ar\/index.php?rest_route=\/wp\/v2\/media\/14330"}],"wp:attachment":[{"href":"https:\/\/impactodenoticias.com.ar\/index.php?rest_route=%2Fwp%2Fv2%2Fmedia&parent=14329"}],"wp:term":[{"taxonomy":"category","embeddable":true,"href":"https:\/\/impactodenoticias.com.ar\/index.php?rest_route=%2Fwp%2Fv2%2Fcategories&post=14329"},{"taxonomy":"post_tag","embeddable":true,"href":"https:\/\/impactodenoticias.com.ar\/index.php?rest_route=%2Fwp%2Fv2%2Ftags&post=14329"}],"curies":[{"name":"wp","href":"https:\/\/api.w.org\/{rel}","templated":true}]}}