{"id":14352,"date":"2025-07-15T09:47:08","date_gmt":"2025-07-15T12:47:08","guid":{"rendered":"https:\/\/impactodenoticias.com.ar\/?p=14352"},"modified":"2025-07-15T09:49:47","modified_gmt":"2025-07-15T12:49:47","slug":"nueva-tragedia-vial-en-entre-rios-un-vehniculo-cayo-a-un-arroyo-y-hay-un-muerto-y-un-desaparecido","status":"publish","type":"post","link":"https:\/\/impactodenoticias.com.ar\/?p=14352","title":{"rendered":"Nueva tragedia vial en Entre R\u00edos: un veh\u00edculo cay\u00f3 a un arroyo y hay un muerto y un desaparecido"},"content":{"rendered":"\n<h2 class=\"wp-block-heading\">Un accidente vial fatal, se produjo en las \u00faltimas horas del lunes en M\u00e9danos, Departamente Islas de Ibicuy. Un veh\u00edculo cay\u00f3 a un arroyo y provoc\u00f3 la muerte de uno de sus ocupantes. Ahora se trabaja, para ubicar a otra persona que se trasladaba en el auto y que por el momento se encuentra desaparecida.<\/h2>\n\n\n\n<p>De acuerdo a informaci\u00f3n brindada por fuentes oficiales, el siniestro vial se registr\u00f3 a las 21 del domingo, cuando un auto despist\u00f3 en la zona del Arroyo Paranacito, en M\u00e9danos (departamento Islas del Ibicuy). Se confirm\u00f3 minutos despu\u00e9s luego que en el rodado se trasladaban al menos dos pasajeros.<\/p>\n\n\n\n<p>Inmediatamente, se activaron los protocolos de emergencia y trabajo conjunto en el lugar. Aproximadamente de las 13 de este lunes el personal de buzos t\u00e1ctico de la Polic\u00eda pudo localizar en el agua uno de los cuerpos. Se trata de un hombre mayor de edad.<\/p>\n\n\n\n<p>En el lugar participan Bomberos Voluntarios de Ceibas y M\u00e9danos, as\u00ed como diversas \u00e1reas de la Polic\u00eda. Intervino la fiscal de Gualeguaych\u00fa, Martina Cedr\u00e9s.<\/p>\n","protected":false},"excerpt":{"rendered":"<p>Un accidente vial fatal, se produjo en las &uacute;ltimas horas del lunes en M&eacute;danos, Departamente Islas de Ibicuy. Un veh&iacute;culo cay&oacute; a un arroyo y provoc&oacute; la muerte de uno de sus ocupantes. Ahora se trabaja, para ubicar a otra persona que se trasladaba en el auto y que por el momento se encuentra desaparecida. [&hellip;]<\/p>\n","protected":false},"author":2,"featured_media":14353,"comment_status":"open","ping_status":"open","sticky":false,"template":"","format":"standard","meta":{"footnotes":""},"categories":[8,4],"tags":[120,2721,2988,2031,2765,457],"class_list":["post-14352","post","type-post","status-publish","format-standard","has-post-thumbnail","hentry","category-policiales","category-provinciales","tag-accidente","tag-arroyo","tag-desaparecido","tag-islas-ibicuy","tag-medanos","tag-muerto"],"_links":{"self":[{"href":"https:\/\/impactodenoticias.com.ar\/index.php?rest_route=\/wp\/v2\/posts\/14352","targetHints":{"allow":["GET"]}}],"collection":[{"href":"https:\/\/impactodenoticias.com.ar\/index.php?rest_route=\/wp\/v2\/posts"}],"about":[{"href":"https:\/\/impactodenoticias.com.ar\/index.php?rest_route=\/wp\/v2\/types\/post"}],"author":[{"embeddable":true,"href":"https:\/\/impactodenoticias.com.ar\/index.php?rest_route=\/wp\/v2\/users\/2"}],"replies":[{"embeddable":true,"href":"https:\/\/impactodenoticias.com.ar\/index.php?rest_route=%2Fwp%2Fv2%2Fcomments&post=14352"}],"version-history":[{"count":2,"href":"https:\/\/impactodenoticias.com.ar\/index.php?rest_route=\/wp\/v2\/posts\/14352\/revisions"}],"predecessor-version":[{"id":14355,"href":"https:\/\/impactodenoticias.com.ar\/index.php?rest_route=\/wp\/v2\/posts\/14352\/revisions\/14355"}],"wp:featuredmedia":[{"embeddable":true,"href":"https:\/\/impactodenoticias.com.ar\/index.php?rest_route=\/wp\/v2\/media\/14353"}],"wp:attachment":[{"href":"https:\/\/impactodenoticias.com.ar\/index.php?rest_route=%2Fwp%2Fv2%2Fmedia&parent=14352"}],"wp:term":[{"taxonomy":"category","embeddable":true,"href":"https:\/\/impactodenoticias.com.ar\/index.php?rest_route=%2Fwp%2Fv2%2Fcategories&post=14352"},{"taxonomy":"post_tag","embeddable":true,"href":"https:\/\/impactodenoticias.com.ar\/index.php?rest_route=%2Fwp%2Fv2%2Ftags&post=14352"}],"curies":[{"name":"wp","href":"https:\/\/api.w.org\/{rel}","templated":true}]}}