{"id":14358,"date":"2025-07-15T18:49:49","date_gmt":"2025-07-15T21:49:49","guid":{"rendered":"https:\/\/impactodenoticias.com.ar\/?p=14358"},"modified":"2025-07-15T18:49:49","modified_gmt":"2025-07-15T21:49:49","slug":"seis-jovenes-de-12-a-15-anos-robaron-en-un-comercio-de-pleno-centro-de-gualeguaychu","status":"publish","type":"post","link":"https:\/\/impactodenoticias.com.ar\/?p=14358","title":{"rendered":"Seis j\u00f3venes de 12 a 15 a\u00f1os robaron en un comercio de pleno centro de Gualeguaych\u00fa"},"content":{"rendered":"\n<h2 class=\"wp-block-heading\">Los precoces delincuentes rompieron una vidriera de un negocio de 25 de Mayo y Aguado. A las pocas cuadras la Polic\u00eda los aprehendieron y, por ser menores dieron intervenci\u00f3n al COPNAF.<\/h2>\n\n\n\n<p>Seis chicos que tienen entre 12 y 15 a\u00f1os, destruyeron el cristal de una vidriera y robaron elementos del interior de un comercio de pleno centro.<\/p>\n\n\n\n<p>El robo ocurri\u00f3 a las 01:46 en un local ubicado en calle 25 de Mayo, pr\u00f3ximo al 1250.<\/p>\n\n\n\n<p>El hecho fue advertido por un agente de la comisar\u00eda Primera que se encontraba de prevenci\u00f3n, quien escuch\u00f3 el estallido de una vidriera en 25 de Mayo y Aguado. Al dirigirse hacia el lugar, observ\u00f3 a un grupo de seis menores que se daban a la fuga por calle Aguado, en sentido sur a norte, con direcci\u00f3n a calle Luis N. Palma.<\/p>\n\n\n\n<p>R\u00e1pidamente se desarroll\u00f3 un operativo, logrando la demora de tres de los menores en calle San Juan, entre Neyra y Primera Junta. En ese lugar, los mismos arrojaron una mochila de color negra hacia el interior de un patio tapialado. Los otros tres menores fueron interceptados en calle Ituzaing\u00f3 y \u00c1ngel El\u00edas.<\/p>\n\n\n\n<p>En la mochila secuestrada se encontraron varios de los elementos sustra\u00eddos del comercio afectado. Se constat\u00f3 que el ingreso al local se produjo mediante la rotura de la vidriera con una piedra. Tom\u00f3 intervenci\u00f3n personal de Comisar\u00eda de Minoridad, como as\u00ed tambi\u00e9n el organismo COPNAF<\/p>\n","protected":false},"excerpt":{"rendered":"<p>Los precoces delincuentes rompieron una vidriera de un negocio de 25 de Mayo y Aguado. A las pocas cuadras la Polic&iacute;a los aprehendieron y, por ser menores dieron intervenci&oacute;n al COPNAF. Seis chicos que tienen entre 12 y 15 a&ntilde;os, destruyeron el cristal de una vidriera y robaron elementos del interior de un comercio de [&hellip;]<\/p>\n","protected":false},"author":2,"featured_media":14359,"comment_status":"open","ping_status":"open","sticky":false,"template":"","format":"standard","meta":{"footnotes":""},"categories":[8,4],"tags":[1415,138,280,1104,147,4554,4070],"class_list":["post-14358","post","type-post","status-publish","format-standard","has-post-thumbnail","hentry","category-policiales","category-provinciales","tag-comercio","tag-detenidos","tag-gualeguaychu","tag-menores","tag-robo","tag-rotura","tag-vidriera"],"_links":{"self":[{"href":"https:\/\/impactodenoticias.com.ar\/index.php?rest_route=\/wp\/v2\/posts\/14358","targetHints":{"allow":["GET"]}}],"collection":[{"href":"https:\/\/impactodenoticias.com.ar\/index.php?rest_route=\/wp\/v2\/posts"}],"about":[{"href":"https:\/\/impactodenoticias.com.ar\/index.php?rest_route=\/wp\/v2\/types\/post"}],"author":[{"embeddable":true,"href":"https:\/\/impactodenoticias.com.ar\/index.php?rest_route=\/wp\/v2\/users\/2"}],"replies":[{"embeddable":true,"href":"https:\/\/impactodenoticias.com.ar\/index.php?rest_route=%2Fwp%2Fv2%2Fcomments&post=14358"}],"version-history":[{"count":1,"href":"https:\/\/impactodenoticias.com.ar\/index.php?rest_route=\/wp\/v2\/posts\/14358\/revisions"}],"predecessor-version":[{"id":14360,"href":"https:\/\/impactodenoticias.com.ar\/index.php?rest_route=\/wp\/v2\/posts\/14358\/revisions\/14360"}],"wp:featuredmedia":[{"embeddable":true,"href":"https:\/\/impactodenoticias.com.ar\/index.php?rest_route=\/wp\/v2\/media\/14359"}],"wp:attachment":[{"href":"https:\/\/impactodenoticias.com.ar\/index.php?rest_route=%2Fwp%2Fv2%2Fmedia&parent=14358"}],"wp:term":[{"taxonomy":"category","embeddable":true,"href":"https:\/\/impactodenoticias.com.ar\/index.php?rest_route=%2Fwp%2Fv2%2Fcategories&post=14358"},{"taxonomy":"post_tag","embeddable":true,"href":"https:\/\/impactodenoticias.com.ar\/index.php?rest_route=%2Fwp%2Fv2%2Ftags&post=14358"}],"curies":[{"name":"wp","href":"https:\/\/api.w.org\/{rel}","templated":true}]}}