{"id":14361,"date":"2025-07-15T18:56:11","date_gmt":"2025-07-15T21:56:11","guid":{"rendered":"https:\/\/impactodenoticias.com.ar\/?p=14361"},"modified":"2025-07-22T08:27:28","modified_gmt":"2025-07-22T11:27:28","slug":"jose-moulia-reconocio-el-corte-de-luz-en-la-casa-de-entre-rios-y-apunto-contra-casaretto-fue-una-hora-y-lo-usan-con-fines-politicos-senalo","status":"publish","type":"post","link":"https:\/\/impactodenoticias.com.ar\/?p=14361","title":{"rendered":"Jos\u00e9 Mouli\u00e1 reconoci\u00f3 el corte de luz en la Casa de Entre R\u00edos y apunt\u00f3 contra Casaretto: \u201cFue una hora y lo usan con fines pol\u00edticos\u201d, se\u00f1al\u00f3"},"content":{"rendered":"\n<h2 class=\"wp-block-heading\">El director de la Casa de Entre R\u00edos en la Ciudad de Buenos Aires, Jose Moulia, contest\u00f3 p\u00fablicamente despu\u00e9s que el ex diputado nacional Marcelo Casaretto denunciara que se hab\u00eda cortado la luz en la sede oficial por falta de pago.<\/h2>\n\n\n\n<p>\u201cS\u00ed, falt\u00f3 la luz una hora. Fue por un problema con la factura, que no se hab\u00eda pagado. No tengo el detalle exacto, pero la Casa sigui\u00f3 funcionando normalmente durante todo ese tiempo\u201d, destac\u00f3 Mouli\u00e1.<\/p>\n\n\n\n<p>El titular de la representaci\u00f3n entrerriana en la ciudad de Buenos Aires, afirm\u00f3 que no fue notificado del corte al momento de ocurrido, ya que se encontraba reunido con productores de madera de Paran\u00e1 que hab\u00edan viajado a Buenos Aires. \u201cNo me informaron del corte. Me enter\u00e9 por los medios. Hicieron un uso pol\u00edtico de una situaci\u00f3n menor\u201d, subray\u00f3.<\/p>\n\n\n\n<p>El funcionario desliz\u00f3 que hubo una filtraci\u00f3n interna de la informaci\u00f3n hacia Casaretto. \u201cPor suerte tengo un equipo comprometido, salvo una o dos personas que ya voy a tratar. Es evidente que alguien filtr\u00f3 esta informaci\u00f3n. No todos tienen el tel\u00e9fono de Casaretto\u201d, destac\u00f3.<\/p>\n\n\n\n<p>Moulia vincul\u00f3 el episodio directamente al clima electoral que atraviesa la provincia. \u201cEsto es claramente pol\u00edtico. Da la casualidad de que estamos en a\u00f1o electoral, en octubre hay elecciones, y este tipo de operaciones son parte de un juego sucio que no compartimos, esto es muy sucio, como fue toda la vida de Casaretto, de baja estofa\u201d, dispar\u00f3 en declaraciones a los medios de comunicaci\u00f3n.<\/p>\n\n\n\n<p>Mouli\u00e1 aprovech\u00f3 para repasar una serie de acciones institucionales realizadas durante su gesti\u00f3n y se\u00f1al\u00f3 que \u201cen este a\u00f1o y medio se hizo much\u00edsimo, a pesar de la situaci\u00f3n en la que encontramos la Casa\u201d.<\/p>\n","protected":false},"excerpt":{"rendered":"<p>El director de la Casa de Entre R&iacute;os en la Ciudad de Buenos Aires, Jose Moulia, contest&oacute; p&uacute;blicamente despu&eacute;s que el ex diputado nacional Marcelo Casaretto denunciara que se hab&iacute;a cortado la luz en la sede oficial por falta de pago. &ldquo;S&iacute;, falt&oacute; la luz una hora. Fue por un problema con la factura, que [&hellip;]<\/p>\n","protected":false},"author":2,"featured_media":14362,"comment_status":"open","ping_status":"open","sticky":false,"template":"","format":"standard","meta":{"footnotes":""},"categories":[10,11],"tags":[563,882,33,5511,82,225],"class_list":["post-14361","post","type-post","status-publish","format-standard","has-post-thumbnail","hentry","category-nacionales","category-politica","tag-casa","tag-corte","tag-entre-rios","tag-jose-moulia","tag-luz","tag-marcelo-casaretto"],"_links":{"self":[{"href":"https:\/\/impactodenoticias.com.ar\/index.php?rest_route=\/wp\/v2\/posts\/14361","targetHints":{"allow":["GET"]}}],"collection":[{"href":"https:\/\/impactodenoticias.com.ar\/index.php?rest_route=\/wp\/v2\/posts"}],"about":[{"href":"https:\/\/impactodenoticias.com.ar\/index.php?rest_route=\/wp\/v2\/types\/post"}],"author":[{"embeddable":true,"href":"https:\/\/impactodenoticias.com.ar\/index.php?rest_route=\/wp\/v2\/users\/2"}],"replies":[{"embeddable":true,"href":"https:\/\/impactodenoticias.com.ar\/index.php?rest_route=%2Fwp%2Fv2%2Fcomments&post=14361"}],"version-history":[{"count":1,"href":"https:\/\/impactodenoticias.com.ar\/index.php?rest_route=\/wp\/v2\/posts\/14361\/revisions"}],"predecessor-version":[{"id":14363,"href":"https:\/\/impactodenoticias.com.ar\/index.php?rest_route=\/wp\/v2\/posts\/14361\/revisions\/14363"}],"wp:featuredmedia":[{"embeddable":true,"href":"https:\/\/impactodenoticias.com.ar\/index.php?rest_route=\/wp\/v2\/media\/14362"}],"wp:attachment":[{"href":"https:\/\/impactodenoticias.com.ar\/index.php?rest_route=%2Fwp%2Fv2%2Fmedia&parent=14361"}],"wp:term":[{"taxonomy":"category","embeddable":true,"href":"https:\/\/impactodenoticias.com.ar\/index.php?rest_route=%2Fwp%2Fv2%2Fcategories&post=14361"},{"taxonomy":"post_tag","embeddable":true,"href":"https:\/\/impactodenoticias.com.ar\/index.php?rest_route=%2Fwp%2Fv2%2Ftags&post=14361"}],"curies":[{"name":"wp","href":"https:\/\/api.w.org\/{rel}","templated":true}]}}