{"id":14367,"date":"2025-07-22T08:27:17","date_gmt":"2025-07-22T11:27:17","guid":{"rendered":"https:\/\/impactodenoticias.com.ar\/?p=14367"},"modified":"2025-07-22T08:27:18","modified_gmt":"2025-07-22T11:27:18","slug":"murio-un-hombre-de-41-anos-en-un-accidente-vial-en-el-ingreso-a-alvear","status":"publish","type":"post","link":"https:\/\/impactodenoticias.com.ar\/?p=14367","title":{"rendered":"Muri\u00f3 un hombre de 41 a\u00f1os en un accidente vial en el ingreso a Alvear"},"content":{"rendered":"\n<h2 class=\"wp-block-heading\">La v\u00edctima fatal habr\u00eda perdido el control de su veh\u00edculo en el ingreso a la localidad por el camino de tierra y falleci\u00f3 en el acto.<\/h2>\n\n\n\n<p>Un fatal siniestro vial se produjo en el ingreso a Alvear, en el departamento Diamante, este lunes por la noche, aproximadamente a las 20:45. Seg\u00fan el reporte oficial, un vecino del lugar del lugar falleci\u00f3 luego de perder el control de su auto en la entrada a la localidad, por un camino de tierra.<\/p>\n\n\n\n<p>La Polic\u00eda confirm\u00f3 que la v\u00edctima ten\u00eda 41 a\u00f1os y viajaba a bordo de un Chevriolet Corsa Classic, sin acompa\u00f1ante. Antes de volcar, el rodado impact\u00f3 a gran velocidad contra una barranca, para quedar finalmente sobre su lateral derecho.<\/p>\n\n\n\n<p>Trabajaron arduamente en el lugar, bomberos de Aldea Brasilera para rescatar el cuerpo y realizar las diligencias correspondientes. Comunicada la Fiscal\u00eda en turno, se orden\u00f3 la intervenci\u00f3n del m\u00e9dico policial y las actuaciones de rigor por parte del Personal de Comisar\u00eda Valle Mar\u00eda y de Polic\u00eda Cient\u00edfica, quienes llevaron adelante las pericias correspondientes para determinar las causas del siniestro.<\/p>\n","protected":false},"excerpt":{"rendered":"<p>La v&iacute;ctima fatal habr&iacute;a perdido el control de su veh&iacute;culo en el ingreso a la localidad por el camino de tierra y falleci&oacute; en el acto. Un fatal siniestro vial se produjo en el ingreso a Alvear, en el departamento Diamante, este lunes por la noche, aproximadamente a las 20:45. Seg&uacute;n el reporte oficial, un [&hellip;]<\/p>\n","protected":false},"author":2,"featured_media":14368,"comment_status":"open","ping_status":"open","sticky":false,"template":"","format":"standard","meta":{"footnotes":""},"categories":[3,8],"tags":[120,5512,457,118],"class_list":["post-14367","post","type-post","status-publish","format-standard","has-post-thumbnail","hentry","category-locales","category-policiales","tag-accidente","tag-alvear","tag-muerto","tag-policiales"],"_links":{"self":[{"href":"https:\/\/impactodenoticias.com.ar\/index.php?rest_route=\/wp\/v2\/posts\/14367","targetHints":{"allow":["GET"]}}],"collection":[{"href":"https:\/\/impactodenoticias.com.ar\/index.php?rest_route=\/wp\/v2\/posts"}],"about":[{"href":"https:\/\/impactodenoticias.com.ar\/index.php?rest_route=\/wp\/v2\/types\/post"}],"author":[{"embeddable":true,"href":"https:\/\/impactodenoticias.com.ar\/index.php?rest_route=\/wp\/v2\/users\/2"}],"replies":[{"embeddable":true,"href":"https:\/\/impactodenoticias.com.ar\/index.php?rest_route=%2Fwp%2Fv2%2Fcomments&post=14367"}],"version-history":[{"count":1,"href":"https:\/\/impactodenoticias.com.ar\/index.php?rest_route=\/wp\/v2\/posts\/14367\/revisions"}],"predecessor-version":[{"id":14369,"href":"https:\/\/impactodenoticias.com.ar\/index.php?rest_route=\/wp\/v2\/posts\/14367\/revisions\/14369"}],"wp:featuredmedia":[{"embeddable":true,"href":"https:\/\/impactodenoticias.com.ar\/index.php?rest_route=\/wp\/v2\/media\/14368"}],"wp:attachment":[{"href":"https:\/\/impactodenoticias.com.ar\/index.php?rest_route=%2Fwp%2Fv2%2Fmedia&parent=14367"}],"wp:term":[{"taxonomy":"category","embeddable":true,"href":"https:\/\/impactodenoticias.com.ar\/index.php?rest_route=%2Fwp%2Fv2%2Fcategories&post=14367"},{"taxonomy":"post_tag","embeddable":true,"href":"https:\/\/impactodenoticias.com.ar\/index.php?rest_route=%2Fwp%2Fv2%2Ftags&post=14367"}],"curies":[{"name":"wp","href":"https:\/\/api.w.org\/{rel}","templated":true}]}}