{"id":1437,"date":"2024-07-23T11:45:46","date_gmt":"2024-07-23T14:45:46","guid":{"rendered":"https:\/\/impactodenoticias.com.ar\/?p=1437"},"modified":"2024-07-23T11:45:47","modified_gmt":"2024-07-23T14:45:47","slug":"el-carnaval-de-concordia-modifico-parte-del-reglamento-y-prepara-una-expo-para-el-mes-de-agosto","status":"publish","type":"post","link":"https:\/\/impactodenoticias.com.ar\/?p=1437","title":{"rendered":"El carnaval de Concordia modific\u00f3 parte del reglamento y prepara una expo para el mes de agosto"},"content":{"rendered":"\n<p><strong>Seg\u00fan detallaron desde el Ente de Carnaval, el objetivo del evento ser\u00e1 \u201crecaudar fondos\u201d para comenzar a preparar la pr\u00f3xima edici\u00f3n del Carnaval de Concordia.<\/strong><\/p>\n\n\n\n<p>El titular del Ente de Carnaval, Luis S\u00e1nchez, se\u00f1al\u00f3 que se trata de \u201cla Expo Carnaval\u201d y se realizar\u00e1 los d\u00edas \u201cs\u00e1bado 17 y domingo 18 de agosto\u201d.<\/p>\n\n\n\n<p>Seg\u00fan las apreciaciones de S\u00e1nchez, el objetivo de la expo ser\u00e1 \u201crecaudar fondos para comenzar con algo tan deseado por tantos a\u00f1os por las comparsas y a lo que nunca se lo ha tenido en cuenta, que es la reparaci\u00f3n de los galpones y otras cuestiones que hacen a la infraestructura del cors\u00f3dromo\u201d.<\/p>\n\n\n\n<p>Para el evento \u201ccitamos de manera formal y telef\u00f3nica a participar a las cuatro comparsas, porque creemos que una de las cuestiones b\u00e1sicas que tenemos en estos momentos es la reparaci\u00f3n de los galpones que hacen a la labor durante los \u00faltimos meses previos al carnaval, de los carroceros y de tanta gente que los utiliza\u201d, agreg\u00f3.<\/p>\n\n\n\n<p>Y adelant\u00f3 que desde el ente \u201cqueremos que el evento sea en el marco del carnaval completo de la ciudad de Concordia, de las comparsas que hacen al carnaval en febrero, pero tambi\u00e9n queremos aprovechar la ocasi\u00f3n para realizar la premiaci\u00f3n de Los Peque\u00f1os Duendes, que no se ha podido realizar\u201d, as\u00ed como tambi\u00e9n \u201cse invitar\u00e1n a diferentes murgas del carnaval popular de nuestra ciudad para hacer un evento masivo\u201d, que contar\u00e1 con m\u00faltiples actividades.<\/p>\n\n\n\n<p>Consultado sobre la manera en la que recaudar\u00e1n los fondos necesarios, S\u00e1nchez indic\u00f3 que \u201cen las Expo no se cobran las entradas y esta no va a ser la excepci\u00f3n\u201d, teniendo en cuenta que \u201cva a ser un evento masivo para invitar gente y que puedan venir a participar las diferentes hinchadas de cada una de las comparsas\u201d, por lo que aprovechar\u00e1n \u201ca los Food Trucks y la publicidad, para la que nos estaremos juntando con diferentes emprendimientos de nuestra ciudad para ver si quieren ser sponsors de este evento\u201d.<\/p>\n\n\n\n<p><strong>Las modificaciones al reglamento<\/strong><\/p>\n\n\n\n<p>S\u00e1nchez fue consultado sobre las diferentes modificaciones que se aplicaron al reglamento del Carnaval de Concordia y afirm\u00f3 que desde el ente \u201calgunos cambios se realizaron en consenso con todas las comparsas y otras por mayor\u00eda\u201d.<\/p>\n\n\n\n<p>En cuanto a los cambios impulsados por el mismo Ente de Carnaval, destac\u00f3 que uno \u201cfue sobre la Categor\u00eda B, ya que el reglamento cuenta con dos categor\u00edas cuando sabemos que en nuestro carnaval se maneja una sola categor\u00eda\u201d.<\/p>\n\n\n\n<p>Tambi\u00e9n se modific\u00f3 \u201clo que respecta a las entrevistas previas por parte del jurado a diferentes figuras de cada una de las comparsas durante la ma\u00f1ana\u201d, motivado por \u201cuna cuesti\u00f3n b\u00e1sica como el tema del presupuesto\u201d, dado que \u201ceste tipo de entrevistas generaban un gasto totalmente evitable que durante la edici\u00f3n pasada del carnaval super\u00f3 los 10 millones de pesos\u201d, teniendo en cuenta que \u201ctodos los fines de semana se ten\u00eda que traer a los jurados un d\u00eda antes, pagarles el alojamiento, cubrir su comida y el transporte para que los lleven y los traigan\u201d.<\/p>\n\n\n\n<p>Sin embargo, aclar\u00f3 que \u201ccreemos que estas entrevistas se pueden seguir haciendo de forma anticipada a cada una de las ediciones, pero durante la tarde\u201d.<\/p>\n\n\n\n<p>S\u00e1nchez apunt\u00f3 que durante las modificaciones \u201cse estableci\u00f3 una cantidad de integrantes m\u00ednima escuchando a todas las comparsas, que ha quedado en 250 integrantes, pero no se estableci\u00f3 una cantidad m\u00e1xima, sino que se determin\u00f3 una duraci\u00f3n de competencia igual para las cuatro comparsas por un total de 70 minutos\u201d, concluy\u00f3.<\/p>\n","protected":false},"excerpt":{"rendered":"<p>Seg&uacute;n detallaron desde el Ente de Carnaval, el objetivo del evento ser&aacute; &ldquo;recaudar fondos&rdquo; para comenzar a preparar la pr&oacute;xima edici&oacute;n del Carnaval de Concordia. El titular del Ente de Carnaval, Luis S&aacute;nchez, se&ntilde;al&oacute; que se trata de &ldquo;la Expo Carnaval&rdquo; y se realizar&aacute; los d&iacute;as &ldquo;s&aacute;bado 17 y domingo 18 de agosto&rdquo;. Seg&uacute;n las [&hellip;]<\/p>\n","protected":false},"author":2,"featured_media":1438,"comment_status":"open","ping_status":"open","sticky":false,"template":"","format":"standard","meta":{"footnotes":""},"categories":[4,49],"tags":[733,72,736,734,735],"class_list":["post-1437","post","type-post","status-publish","format-standard","has-post-thumbnail","hentry","category-provinciales","category-sociedad","tag-carnaval","tag-concordia","tag-luis-sanchez","tag-modificaciones","tag-reglamento"],"_links":{"self":[{"href":"https:\/\/impactodenoticias.com.ar\/index.php?rest_route=\/wp\/v2\/posts\/1437","targetHints":{"allow":["GET"]}}],"collection":[{"href":"https:\/\/impactodenoticias.com.ar\/index.php?rest_route=\/wp\/v2\/posts"}],"about":[{"href":"https:\/\/impactodenoticias.com.ar\/index.php?rest_route=\/wp\/v2\/types\/post"}],"author":[{"embeddable":true,"href":"https:\/\/impactodenoticias.com.ar\/index.php?rest_route=\/wp\/v2\/users\/2"}],"replies":[{"embeddable":true,"href":"https:\/\/impactodenoticias.com.ar\/index.php?rest_route=%2Fwp%2Fv2%2Fcomments&post=1437"}],"version-history":[{"count":1,"href":"https:\/\/impactodenoticias.com.ar\/index.php?rest_route=\/wp\/v2\/posts\/1437\/revisions"}],"predecessor-version":[{"id":1439,"href":"https:\/\/impactodenoticias.com.ar\/index.php?rest_route=\/wp\/v2\/posts\/1437\/revisions\/1439"}],"wp:featuredmedia":[{"embeddable":true,"href":"https:\/\/impactodenoticias.com.ar\/index.php?rest_route=\/wp\/v2\/media\/1438"}],"wp:attachment":[{"href":"https:\/\/impactodenoticias.com.ar\/index.php?rest_route=%2Fwp%2Fv2%2Fmedia&parent=1437"}],"wp:term":[{"taxonomy":"category","embeddable":true,"href":"https:\/\/impactodenoticias.com.ar\/index.php?rest_route=%2Fwp%2Fv2%2Fcategories&post=1437"},{"taxonomy":"post_tag","embeddable":true,"href":"https:\/\/impactodenoticias.com.ar\/index.php?rest_route=%2Fwp%2Fv2%2Ftags&post=1437"}],"curies":[{"name":"wp","href":"https:\/\/api.w.org\/{rel}","templated":true}]}}