{"id":14451,"date":"2025-07-27T09:16:26","date_gmt":"2025-07-27T12:16:26","guid":{"rendered":"https:\/\/impactodenoticias.com.ar\/?p=14451"},"modified":"2025-07-28T09:45:30","modified_gmt":"2025-07-28T12:45:30","slug":"raul-martin-asumio-como-arzobispo-en-una-emotiva-celebracion-en-la-catedral-de-la-ciudad-de-parana","status":"publish","type":"post","link":"https:\/\/impactodenoticias.com.ar\/?p=14451","title":{"rendered":"Ra\u00fal Mart\u00edn asumi\u00f3 como arzobispo en una emotiva celebraci\u00f3n en la Catedral de la ciudad de Paran\u00e1"},"content":{"rendered":"\n<h2 class=\"wp-block-heading\">Con una catedral llena de fieles y en una misa cargada de simbolismo, la Iglesia Cat\u00f3lica protagoniz\u00f3 una jornada hist\u00f3rica este s\u00e1bado por la tarde.<\/h2>\n\n\n\n<p>A las 16, en la tradicional Plaza 1\u00ba de Mayo, se inici\u00f3 la ceremonia de toma de posesi\u00f3n de Monse\u00f1or Ra\u00fal Mart\u00edn como nuevo Arzobispo de Paran\u00e1. El acto congreg\u00f3 a la comunidad cat\u00f3lica, autoridades de la ciudad y fuerzas de seguridad en un clima de profunda fe y alegr\u00eda.<\/p>\n\n\n\n<p>Luego de la bienvenida encabezada por la Pastoral Juvenil y Educativa, la ceremonia se traslad\u00f3 al interior de la Catedral Metropolitana, donde en forma oficial comenz\u00f3 el Ministerio Episcopal de Mart\u00edn. El momento central estuvo a cargo del nuncio apost\u00f3lico, quien presidi\u00f3 el acto lit\u00fargico de puesta en posesi\u00f3n, en presencia de 18 obispos de diferentes regiones del pa\u00eds, acompa\u00f1ando al nuevo arzobispo en este destacado paso.<\/p>\n\n\n\n<p><\/p>\n\n\n\n<figure class=\"wp-block-image size-full\"><img loading=\"lazy\" decoding=\"async\" width=\"696\" height=\"464\" src=\"https:\/\/impactodenoticias.com.ar\/wp-content\/uploads\/2025\/07\/Rosario-Romero-con-el-flamante-Arzobispo.webp\" alt=\"\" class=\"wp-image-14452\" srcset=\"https:\/\/impactodenoticias.com.ar\/wp-content\/uploads\/2025\/07\/Rosario-Romero-con-el-flamante-Arzobispo.webp 696w, https:\/\/impactodenoticias.com.ar\/wp-content\/uploads\/2025\/07\/Rosario-Romero-con-el-flamante-Arzobispo-300x200.webp 300w\" sizes=\"auto, (max-width: 696px) 100vw, 696px\" \/><\/figure>\n\n\n\n<p><\/p>\n\n\n\n<p>Uno de los gestos m\u00e1s simb\u00f3licos de la jornada fue la entrega de la llave de la ciudad por parte de la intendenta Rosario Romero, como muestra de cercan\u00eda y hospitalidad por parte del pueblo paranaense. Un acto que reforz\u00f3 el v\u00ednculo entre la Iglesia y la comunidad paranaense.<\/p>\n\n\n\n<p>Emocionado y con la calidez que lo caracteriza, Monse\u00f1or Mart\u00edn comparti\u00f3 sus sentimientos: \u201cEs una alegr\u00eda, vengo con mucha expectativa porque es un desaf\u00edo. Dios nos pone a jugar de otra manera y con algo de historia \u2013llevo 19 a\u00f1os de obispo\u2013\u2026 Nunca pens\u00e9 que me iban a pedir ir a otro lado, pero Dios sabe lo que hace y estoy feliz\u201d, expres\u00f3.<\/p>\n\n\n\n<p>Los obispos presentes en la ceremonia fueron: Alejandro Pablo Benna; Hugo Norberto Santiago; H\u00e9ctor Luis Zord\u00e1n, Ram\u00f3n Alfredo Dus; Eduardo Martin; Ra\u00fal Pizarro; Vicente Bokalic; Luis Mart\u00edn; Ricardo Faifer; Pedro Torres; Juan Rub\u00e9n Martinez; Gustavo Zurbriggen; Luis Collazuol; Sergio Buenanueva; Sergio Alfredo Fenoy; Mat\u00edas Vecino; Mauricio Landra; Hugo Salaberry; Ernesto Fern\u00e1ndez; Jose Adolfo Larregain.<\/p>\n","protected":false},"excerpt":{"rendered":"<p>Con una catedral llena de fieles y en una misa cargada de simbolismo, la Iglesia Cat&oacute;lica protagoniz&oacute; una jornada hist&oacute;rica este s&aacute;bado por la tarde. A las 16, en la tradicional Plaza 1&ordm; de Mayo, se inici&oacute; la ceremonia de toma de posesi&oacute;n de Monse&ntilde;or Ra&uacute;l Mart&iacute;n como nuevo Arzobispo de Paran&aacute;. El acto congreg&oacute; [&hellip;]<\/p>\n","protected":false},"author":2,"featured_media":14453,"comment_status":"open","ping_status":"open","sticky":false,"template":"","format":"standard","meta":{"footnotes":""},"categories":[3,49],"tags":[5292,4805,5534,5535,3298,95,5290],"class_list":["post-14451","post","type-post","status-publish","format-standard","has-post-thumbnail","hentry","category-locales","category-sociedad","tag-arzobispo","tag-asumio","tag-catedral","tag-episcopal","tag-ministerio","tag-parana","tag-raul-martin"],"_links":{"self":[{"href":"https:\/\/impactodenoticias.com.ar\/index.php?rest_route=\/wp\/v2\/posts\/14451","targetHints":{"allow":["GET"]}}],"collection":[{"href":"https:\/\/impactodenoticias.com.ar\/index.php?rest_route=\/wp\/v2\/posts"}],"about":[{"href":"https:\/\/impactodenoticias.com.ar\/index.php?rest_route=\/wp\/v2\/types\/post"}],"author":[{"embeddable":true,"href":"https:\/\/impactodenoticias.com.ar\/index.php?rest_route=\/wp\/v2\/users\/2"}],"replies":[{"embeddable":true,"href":"https:\/\/impactodenoticias.com.ar\/index.php?rest_route=%2Fwp%2Fv2%2Fcomments&post=14451"}],"version-history":[{"count":1,"href":"https:\/\/impactodenoticias.com.ar\/index.php?rest_route=\/wp\/v2\/posts\/14451\/revisions"}],"predecessor-version":[{"id":14454,"href":"https:\/\/impactodenoticias.com.ar\/index.php?rest_route=\/wp\/v2\/posts\/14451\/revisions\/14454"}],"wp:featuredmedia":[{"embeddable":true,"href":"https:\/\/impactodenoticias.com.ar\/index.php?rest_route=\/wp\/v2\/media\/14453"}],"wp:attachment":[{"href":"https:\/\/impactodenoticias.com.ar\/index.php?rest_route=%2Fwp%2Fv2%2Fmedia&parent=14451"}],"wp:term":[{"taxonomy":"category","embeddable":true,"href":"https:\/\/impactodenoticias.com.ar\/index.php?rest_route=%2Fwp%2Fv2%2Fcategories&post=14451"},{"taxonomy":"post_tag","embeddable":true,"href":"https:\/\/impactodenoticias.com.ar\/index.php?rest_route=%2Fwp%2Fv2%2Ftags&post=14451"}],"curies":[{"name":"wp","href":"https:\/\/api.w.org\/{rel}","templated":true}]}}